{"id":138,"date":"2015-10-22T10:26:32","date_gmt":"2015-10-22T08:26:32","guid":{"rendered":"http:\/\/www.berthold-gymnasium.de\/wordpress\/?page_id=138"},"modified":"2018-12-18T15:56:11","modified_gmt":"2018-12-18T14:56:11","slug":"latein","status":"publish","type":"post","link":"https:\/\/www.berthold-gymnasium.de\/?p=138","title":{"rendered":"Latein"},"content":{"rendered":"<p>Die Sch\u00fclerinnen und Sch\u00fcler k\u00f6nnen am Berthold-Gymnasium schon in Klasse 5 mit <strong>Latein als erster Fremdsprache<\/strong> beginnen. Die ersten dreieinhalb Jahre dienen dem grundlegenden Sracherwerb. Als <strong>Lehrbuch<\/strong> wird <strong>Adeamus!<\/strong> benutzt, ein an den Gesichtspunkten moderner Sprachdidaktik ausgerichtetes Lehrwerk. In mindestens zwei Stunden \/ Woche k\u00f6nnen die Sch\u00fclerinnen und Sch\u00fcler Aufgabenstellungen (Formen\u00fcbungen, \u00dcbersetzungen, Antike Kultur u. a.) nach den Prinzipien der <strong>Freiarbeit<\/strong> selbstst\u00e4ndig bearbeiten.<\/p>\n<p>Neben Latein als erster Fremdsprache gibt es am Berthold Gymnasium auch die M\u00f6glichkeit, ab Klasse 6 <strong>Latein als zweite Fremdsprache<\/strong> zu lernen. Wir arbeiten in den ersten 3 Jahren ebenfalls mit <strong>Adeamus!,<\/strong> allerdings findet aus Zeitgr\u00fcnden keine Freiarbeit statt.<\/p>\n<p>Begleitet wird der Sprachunterricht durch Exkursionen und Projekte, die Anschauliches aus dem Leben der R\u00f6mer vermitteln sollen. Dabei werden die Kinder praktisch t\u00e4tig, sie backen z. B. Brot wie die R\u00f6mer&nbsp;oder fertigen r\u00f6mische Tongef\u00e4\u00dfe und Mosaiken an.<\/p>\n<p>Nach Abschluss des Lehrbuches werden <strong>r\u00f6mische Autoren im Original<\/strong> gelesen. Dabei wird weiterhin die Sprachkompetenz vertieft. Ein ebenso wichtiges Ziel ist aber auch, sich mit der antiken Gedankenwelt auseinanderzusetzen, etwa in <strong>philosophischen Texten<\/strong>. Deshalb nimmt die Interpretation einen wichtigen Platz ein.<\/p>\n<h2><strong>Weshalb Latein?<\/strong><\/h2>\n<p>Die europ\u00e4ische Bildungstradition zeigt: Nicht allein aus zweckorientiertem Erwerb von Fertigkeiten, sondern aus zweckfreier Besch\u00e4ftigung mit Inhalten bildet sich eine Atmosph\u00e4re kreativen, selbstst\u00e4ndigen Denkens, in der sich individuelle Anlagen sowie soziale Verantwortung entwickeln k\u00f6nnen \u2013 dieses Ziel verfolgen wir.<\/p>\n<p>Bildung und Einsicht, F\u00f6rderung und Entwicklung geistiger F\u00e4higkeiten stehen in unserem Lateinunterricht im Vordergrund. Genauigkeit, Sorgfalt und abw\u00e4gendes Verweilen erm\u00f6glichen die Ausbildung eines individuellen Sprachbewusstseins \u2013 im Lesen, H\u00f6ren und Sprechen.<\/p>\n<p>So sch\u00e4rfen wir beim Lesen lateinischer Texte die Pr\u00e4gnanz und Kreativit\u00e4t im muttersprachlichen Ausdruck, schulen das Nachdenken bei der Textdeutung und erfahren eine ruhige Aufnahme und bedachte Verarbeitung von Information \u2013 geistige F\u00e4higkeiten von gr\u00f6\u00dftem Wert f\u00fcr alle F\u00e4cher und Lebensbereiche.<\/p>\n<p>&nbsp;<\/p>\n<p>Beim Lesen und Deuten lateinischer Texte, vom Schulbuch zu Beginn in Klasse 5 oder 6 bis zur Originallekt\u00fcre in Mittel- und Oberstufe, lernen wir beispielhaft fremde Gedanken und fremdes Handeln kennen, die den Ursprung unseres modernen Europa markieren. So ist Latein ein Fach nicht nur der Vergangenheits-, sondern ebenso der Gegenwartsanalyse. Aus der Distanz zwischen Alter Sprache und Muttersprache, zwischen Damals und Heute erhellt sich unsere Gegenwart und wir k\u00f6nnen Orientierung f\u00fcr Probleme der Zukunft gewinnen, zum Beispiel:<\/p>\n<ul>\n<li>Was ist eine r\u00f6mische <strong>\u201efamilia\u201c<\/strong> \u2013 was bedeutet der Begriff heute?<\/li>\n<li>Was kennzeichnet das <strong>Verh\u00e4ltnis des Menschen zur Natur <\/strong>angesichts verheerender Katastrophen in der Antike \u2013 wodurch ist unser Verh\u00e4ltnis zur Natur gekennzeichnet?<\/li>\n<li>Wovon erz\u00e4hlt die <strong>antike Mythologie<\/strong> \u2013 warum erf\u00e4hrt sie gerade in der Moderne eine so intensive Bearbeitung in Literatur, Theater, Malerei und Bildender Kunst?<\/li>\n<li>Wie nutzen Caesar und Cicero die <strong>Macht des Wortes<\/strong> zur Durchsetzung politischer Ziele \u2013 Wie funktioniert Beeinflussung heute?<\/li>\n<li>Welchen <strong>Grad des Widerspruchs und der Opposition<\/strong>, aber auch der Zustimmung zu den gesellschaftlichen Normen und politischen Machthabern wagen Catull, Horaz und Vergil in ihrer Poesie \u2013 wo liegt f\u00fcr uns die Grenze?<\/li>\n<li>Welchen<strong> Weg zu einem gl\u00fccklichen und selbstbestimmten Leben<\/strong> weist die Philosophie Senecas angesichts der Abh\u00e4ngigkeit von \u00e4u\u00dferen Umst\u00e4nden \u2013 wie finden wir zu innerem Gl\u00fcck und seelischer Ausgeglichenheit in turbulenten Zeiten?<\/li>\n<\/ul>\n<p>Latein f\u00fchrt uns von den Urspr\u00fcngen auch durch das Mittelalter und die fr\u00fche Neuzeit bis in die Moderne. So k\u00f6nnen die Sch\u00fcler im Lateinunterricht zum Beispiel auch von der Ordensregel des heiligen Benedikt aus dem 6. Jahrhundert erfahren, von der Kaiserkr\u00f6nung Karls des Gro\u00dfen im Jahr 800, vom Sonnengesang des heiligen Franz von Assisi aus dem 13. Jahrhundert, von den Briefen des Kolumbus und Amerigo Vespuccis \u00fcber die Entdeckung der Neuen Welt an der Wende vom 15. zum 16. Jahrhundert oder von der Enzyklika \u201equadragesimo anno\u201c zu sozialen Gesichtspunkten einer kapitalistischen Wirtschaftsordnung aus dem Jahr 1931 \u2013 <strong>deshalb Latein!<\/strong><\/p>\n<p>&nbsp;<\/p>\n<p><img loading=\"lazy\" decoding=\"async\" class=\"alignnone\" src=\"https:\/\/upload.wikimedia.org\/wikipedia\/commons\/1\/18\/Waldseem%C3%BCller-Globus.jpg\" alt=\"\" width=\"3312\" height=\"1902\"><\/p>\n<p align=\"center\"><em>Globensegmentkarte mit dem Namen \u201eAmerica\u201c f\u00fcr den neuen Kontinent von Martin Waldseem\u00fcller aus dem Jahr 1507<\/em><\/p>\n<h2><strong>Abschl\u00fcsse<\/strong><\/h2>\n<p><em><strong>Latinum<\/strong><\/em> und <em><strong>Gro\u00dfes Latinum<\/strong><\/em> sind Zertifikate, die je nach Dauer der Teilnahme am Unterricht erworben werden k\u00f6nnen. Nach Klasse 10 erwerben die Sch\u00fcler das Latinum, wenn sie das Fach mit mindestens der Note \u201eausreichend\u201c abschlie\u00dfen. Das Gro\u00dfe Latinum wird durch den erfolgreichen Besuch eines Lateinkurses in K1 und K2 erreicht. Latein kann zudem als Abiturpr\u00fcfungsfach gew\u00e4hlt werden.<\/p>\n<p>Noch immer sind diese Zertifikate f\u00fcr etliche Studienf\u00e4cher Eingangsvoraussetzung. Sie sind aber auch f\u00fcr andere Studienf\u00e4cher eine gewichtige Zusatzqualifikation zur Allgemeinen Hochschulreife, insbesondere da Universit\u00e4ten mehr und mehr ihre Studenten selbst aussuchen.<\/p>\n<p>Generell er\u00f6ffnen an der Schule gewonnene Lateinkenntnisse einen bew\u00e4hrten Zugang zum Erwerb und Studium moderner europ\u00e4ischer Fremdsprachen, sie sind aber auch eine feste Basis f\u00fcr viele weitere akademische Studieng\u00e4nge.<\/p>\n<p><strong><a href=\"https:\/\/www.berthold-gymnasium.de\/wp-content\/uploads\/2018\/01\/Latein_an_Schulen.pdf\">Brosch\u00fcre &#8222;Latein macht Spa\u00df&#8220;<\/a><br \/>\n<\/strong>(Ministerium f\u00fcr Kultus und Sport Baden-W\u00fcrttemberg)<\/p>\n<p style=\"text-align: right;\">N. Ruf<\/p>\n<p>&nbsp;<\/p>\n<p><strong><a id=\"\" name=\"discipuli\"><\/a>Liebe Sch\u00fclerinnen und Sch\u00fcler,<br \/>\ntoll, dass ihr bald aufs Gymnasium kommt!<\/strong><\/p>\n<p>An unserer Schule lernen alle Sch\u00fcler Latein. Das ist eine ganz besondere Sprache.<br \/>\nWas wir im Lateinunterricht machen?<\/p>\n<ul>\n<li><strong>Wortschatz<\/strong>: Wir lernen lateinische W\u00f6rter (Vokabeln).<\/li>\n<\/ul>\n<p>Wenn man Latein kann, versteht man die W\u00f6rter in anderen Sprachen besser, weil Latein die Mutter vieler Sprachen ist. Zum Beispiel hei\u00dft lateinisch <em><strong>schola<\/strong><\/em> auf deutsch \u201eSchule\u201c.<\/p>\n<p>Im Englischen sagt man \u201e<em><strong>school<\/strong><\/em>\u201c, und auch das franz\u00f6sische \u201e<em><strong>\u00e9cole<\/strong><\/em>\u201c leitet sich von schola ab.<\/p>\n<ul>\n<li>Wir lesen lateinische <strong>Texte<\/strong>, in denen man viel \u00fcber das Leben im antiken Rom erf\u00e4hrt, \u00fcber den Ausbruch des Vesuvs und die Versch\u00fcttung der Stadt Pompeii, aber auch etwas \u00fcber die Geschichte und Geschichten von G\u00f6ttern und Helden.<\/li>\n<li>Um diese Texte zu verstehen, lernen wir im Lateinunterricht auch die <strong>Grammatik<\/strong>, und zwar so genau, dass es euch in Deutsch und in den anderen Fremdsprachen viel helfen wird.<\/li>\n<\/ul>\n<p>Mal sehen, vielleicht lernt ihr auch bald Latein. Was eure neue schola betrifft, so w\u00fcnschen wir euch eine gute Entscheidung. Zu einer Latein-Probestunde am Tag der offenen T\u00fcr laden wir euch herzlich ein.<\/p>\n<p style=\"text-align: right;\">Die Lateinlehrer\/innen am BG<\/p>\n","protected":false},"excerpt":{"rendered":"<p>Was war los im alten Rom?<br \/>\nLatein am BG bietet dir die M\u00f6glichkeit, die kleinen und gro\u00dfen Helden kennen zu lernen. Geh als Detektiv auf Entdeckungstour mit ihnen und enth\u00fclle ihre Geheimnisse.<br \/>\nDu willst mehr wissen? Dann komm und lern Latein am BG!<\/p>\n","protected":false},"author":1,"featured_media":2654,"comment_status":"closed","ping_status":"closed","sticky":false,"template":"","format":"standard","meta":{"_FSMCFIC_featured_image_caption":"","_FSMCFIC_featured_image_nocaption":"","_FSMCFIC_featured_image_hide":"","footnotes":""},"categories":[32],"tags":[],"class_list":["post-138","post","type-post","status-publish","format-standard","has-post-thumbnail","hentry","category-fach"],"publishpress_future_action":{"enabled":false,"date":"2026-05-06 10:29:38","action":"change-status","newStatus":"draft","terms":[],"taxonomy":"category","extraData":[]},"publishpress_future_workflow_manual_trigger":{"enabledWorkflows":[]},"_links":{"self":[{"href":"https:\/\/www.berthold-gymnasium.de\/index.php?rest_route=\/wp\/v2\/posts\/138","targetHints":{"allow":["GET"]}}],"collection":[{"href":"https:\/\/www.berthold-gymnasium.de\/index.php?rest_route=\/wp\/v2\/posts"}],"about":[{"href":"https:\/\/www.berthold-gymnasium.de\/index.php?rest_route=\/wp\/v2\/types\/post"}],"author":[{"embeddable":true,"href":"https:\/\/www.berthold-gymnasium.de\/index.php?rest_route=\/wp\/v2\/users\/1"}],"replies":[{"embeddable":true,"href":"https:\/\/www.berthold-gymnasium.de\/index.php?rest_route=%2Fwp%2Fv2%2Fcomments&post=138"}],"version-history":[{"count":1,"href":"https:\/\/www.berthold-gymnasium.de\/index.php?rest_route=\/wp\/v2\/posts\/138\/revisions"}],"predecessor-version":[{"id":3355,"href":"https:\/\/www.berthold-gymnasium.de\/index.php?rest_route=\/wp\/v2\/posts\/138\/revisions\/3355"}],"wp:featuredmedia":[{"embeddable":true,"href":"https:\/\/www.berthold-gymnasium.de\/index.php?rest_route=\/wp\/v2\/media\/2654"}],"wp:attachment":[{"href":"https:\/\/www.berthold-gymnasium.de\/index.php?rest_route=%2Fwp%2Fv2%2Fmedia&parent=138"}],"wp:term":[{"taxonomy":"category","embeddable":true,"href":"https:\/\/www.berthold-gymnasium.de\/index.php?rest_route=%2Fwp%2Fv2%2Fcategories&post=138"},{"taxonomy":"post_tag","embeddable":true,"href":"https:\/\/www.berthold-gymnasium.de\/index.php?rest_route=%2Fwp%2Fv2%2Ftags&post=138"}],"curies":[{"name":"wp","href":"https:\/\/api.w.org\/{rel}","templated":true}]}}