{"id":1708,"date":"2016-10-10T11:23:55","date_gmt":"2016-10-10T09:23:55","guid":{"rendered":"http:\/\/www.berthold-gymnasium.de\/?page_id=1708"},"modified":"2025-02-26T17:04:49","modified_gmt":"2025-02-26T16:04:49","slug":"schulsozialarbeit","status":"publish","type":"post","link":"https:\/\/www.berthold-gymnasium.de\/?p=1708","title":{"rendered":"Schulsozialarbeit"},"content":{"rendered":"\n<p><strong>Mathias R\u00fcmmele<\/strong><br>Diplomsozialp\u00e4dagoge<br>Kunsttherapeut (DGKT)<\/p>\n\n\n\n<p><strong>Kontakt:<\/strong><br>B\u00fcro der Schulsozialp\u00e4dagogik<br>BG, Erdgeschoss Zimmer 129<br>( Briefkasten direkt vor dem B\u00fcro)<\/p>\n\n\n\n<p>Telefon: 0761\/201-7727<br>E-Mail: &nbsp;<a href=\"mailto:mathias.ruemmele@jugendhilfe-freiburg.de\">mathias.ruemmele@jugendhilfe-freiburg.de<\/a><\/p>\n\n\n\n<!--more-->\n\n\n\n<h2 class=\"wp-block-heading\">Aufgabengebiete:<\/h2>\n\n\n\n<h4 class=\"wp-block-heading\">Beratung und Unterst\u00fctzung<\/h4>\n\n\n\n<ul class=\"wp-block-list\">\n<li>f\u00fcr <strong>Sch\u00fclerinnen und Sch\u00fcler<\/strong>&nbsp;bei schulischen, pers\u00f6nlichen und famili\u00e4ren Themen und Konflikten<\/li>\n\n\n\n<li>f\u00fcr <strong>Eltern<\/strong> in Erziehungsfragen<\/li>\n\n\n\n<li>f\u00fcr <strong>Schulklassen<\/strong> in Gruppenprozessen<\/li>\n\n\n\n<li>f\u00fcr <strong>Lehrkr\u00e4fte<\/strong> bei p\u00e4dagogischen Fragestellungen<\/li>\n<\/ul>\n\n\n\n<h4 class=\"wp-block-heading\">Vermittlung &amp; Externe Netzwerkarbeit<\/h4>\n\n\n\n<ul class=\"wp-block-list\">\n<li><strong>Kontakt zu Beratungsstellen, \u00c4mtern und sozialen Einrichtungen<\/strong> der Stadt und insbesondere des Stadtteils<\/li>\n<\/ul>\n\n\n\n<h4 class=\"wp-block-heading\">Arbeit mit Klassen und Gruppen<\/h4>\n\n\n\n<ul class=\"wp-block-list\">\n<li><strong>Pr\u00e4vention<\/strong> in Zusammenarbeit mit dem Kollegium am BG: F\u00f6rderung der sozialen und pers\u00f6nlichen Kompetenzen<\/li>\n\n\n\n<li><strong>Aktionen, Angebote, Projekte<\/strong>:&nbsp;Individuelle Angebote f\u00fcr Klassen zu verschiedenen Themen<\/li>\n\n\n\n<li><strong>Kreativwerkstatt<\/strong> in der Flexiblen Nachmittagsbetreuung<\/li>\n<\/ul>\n\n\n\n<h4 class=\"wp-block-heading\">Intervention<\/h4>\n\n\n\n<ul class=\"wp-block-list\">\n<li>bei Konflikten und Krisensituationen<\/li>\n<\/ul>\n\n\n\n<h4 class=\"wp-block-heading\">Schulentwicklung<\/h4>\n\n\n\n<ul class=\"wp-block-list\">\n<li>Lebensort Schule gemeinsam gestalten<\/li>\n<\/ul>\n\n\n\n<figure class=\"wp-block-gallery has-nested-images columns-default is-cropped wp-block-gallery-1 is-layout-flex wp-block-gallery-is-layout-flex\">\n<figure class=\"wp-block-image size-large\"><img loading=\"lazy\" decoding=\"async\" width=\"800\" height=\"533\" data-id=\"6004\" src=\"https:\/\/www.berthold-gymnasium.de\/wp-content\/uploads\/2016\/10\/Graffity-Action.jpg\" alt=\"\" class=\"wp-image-6004\" srcset=\"https:\/\/www.berthold-gymnasium.de\/wp-content\/uploads\/2016\/10\/Graffity-Action.jpg 800w, https:\/\/www.berthold-gymnasium.de\/wp-content\/uploads\/2016\/10\/Graffity-Action-300x200.jpg 300w, https:\/\/www.berthold-gymnasium.de\/wp-content\/uploads\/2016\/10\/Graffity-Action-225x150.jpg 225w, https:\/\/www.berthold-gymnasium.de\/wp-content\/uploads\/2016\/10\/Graffity-Action-768x512.jpg 768w\" sizes=\"auto, (max-width: 800px) 100vw, 800px\" \/><\/figure>\n\n\n\n<figure class=\"wp-block-image size-large\"><img loading=\"lazy\" decoding=\"async\" width=\"800\" height=\"533\" data-id=\"6005\" src=\"https:\/\/www.berthold-gymnasium.de\/wp-content\/uploads\/2016\/10\/Haendekreis.jpg\" alt=\"\" class=\"wp-image-6005\" srcset=\"https:\/\/www.berthold-gymnasium.de\/wp-content\/uploads\/2016\/10\/Haendekreis.jpg 800w, https:\/\/www.berthold-gymnasium.de\/wp-content\/uploads\/2016\/10\/Haendekreis-300x200.jpg 300w, https:\/\/www.berthold-gymnasium.de\/wp-content\/uploads\/2016\/10\/Haendekreis-225x150.jpg 225w, https:\/\/www.berthold-gymnasium.de\/wp-content\/uploads\/2016\/10\/Haendekreis-768x512.jpg 768w\" sizes=\"auto, (max-width: 800px) 100vw, 800px\" \/><\/figure>\n\n\n\n<figure class=\"wp-block-image size-large\"><img loading=\"lazy\" decoding=\"async\" width=\"800\" height=\"533\" data-id=\"6006\" src=\"https:\/\/www.berthold-gymnasium.de\/wp-content\/uploads\/2016\/10\/hBG-Tamoteich.jpg\" alt=\"\" class=\"wp-image-6006\" srcset=\"https:\/\/www.berthold-gymnasium.de\/wp-content\/uploads\/2016\/10\/hBG-Tamoteich.jpg 800w, https:\/\/www.berthold-gymnasium.de\/wp-content\/uploads\/2016\/10\/hBG-Tamoteich-300x200.jpg 300w, https:\/\/www.berthold-gymnasium.de\/wp-content\/uploads\/2016\/10\/hBG-Tamoteich-225x150.jpg 225w, https:\/\/www.berthold-gymnasium.de\/wp-content\/uploads\/2016\/10\/hBG-Tamoteich-768x512.jpg 768w\" sizes=\"auto, (max-width: 800px) 100vw, 800px\" \/><\/figure>\n\n\n\n<figure class=\"wp-block-image size-large\"><img loading=\"lazy\" decoding=\"async\" width=\"800\" height=\"533\" data-id=\"6007\" src=\"https:\/\/www.berthold-gymnasium.de\/wp-content\/uploads\/2016\/10\/hGaragenkubus.jpg\" alt=\"\" class=\"wp-image-6007\" srcset=\"https:\/\/www.berthold-gymnasium.de\/wp-content\/uploads\/2016\/10\/hGaragenkubus.jpg 800w, https:\/\/www.berthold-gymnasium.de\/wp-content\/uploads\/2016\/10\/hGaragenkubus-300x200.jpg 300w, https:\/\/www.berthold-gymnasium.de\/wp-content\/uploads\/2016\/10\/hGaragenkubus-225x150.jpg 225w, https:\/\/www.berthold-gymnasium.de\/wp-content\/uploads\/2016\/10\/hGaragenkubus-768x512.jpg 768w\" sizes=\"auto, (max-width: 800px) 100vw, 800px\" \/><\/figure>\n\n\n\n<figure class=\"wp-block-image size-large\"><img loading=\"lazy\" decoding=\"async\" width=\"800\" height=\"533\" data-id=\"6008\" src=\"https:\/\/www.berthold-gymnasium.de\/wp-content\/uploads\/2016\/10\/Holzliege.jpg\" alt=\"\" class=\"wp-image-6008\" srcset=\"https:\/\/www.berthold-gymnasium.de\/wp-content\/uploads\/2016\/10\/Holzliege.jpg 800w, https:\/\/www.berthold-gymnasium.de\/wp-content\/uploads\/2016\/10\/Holzliege-300x200.jpg 300w, https:\/\/www.berthold-gymnasium.de\/wp-content\/uploads\/2016\/10\/Holzliege-225x150.jpg 225w, https:\/\/www.berthold-gymnasium.de\/wp-content\/uploads\/2016\/10\/Holzliege-768x512.jpg 768w\" sizes=\"auto, (max-width: 800px) 100vw, 800px\" \/><\/figure>\n\n\n\n<figure class=\"wp-block-image size-large\"><img loading=\"lazy\" decoding=\"async\" width=\"800\" height=\"533\" data-id=\"6009\" src=\"https:\/\/www.berthold-gymnasium.de\/wp-content\/uploads\/2016\/10\/IMG_8581.jpg\" alt=\"\" class=\"wp-image-6009\" srcset=\"https:\/\/www.berthold-gymnasium.de\/wp-content\/uploads\/2016\/10\/IMG_8581.jpg 800w, https:\/\/www.berthold-gymnasium.de\/wp-content\/uploads\/2016\/10\/IMG_8581-300x200.jpg 300w, https:\/\/www.berthold-gymnasium.de\/wp-content\/uploads\/2016\/10\/IMG_8581-225x150.jpg 225w, https:\/\/www.berthold-gymnasium.de\/wp-content\/uploads\/2016\/10\/IMG_8581-768x512.jpg 768w\" sizes=\"auto, (max-width: 800px) 100vw, 800px\" \/><\/figure>\n\n\n\n<figure class=\"wp-block-image size-large\"><img loading=\"lazy\" decoding=\"async\" width=\"768\" height=\"1024\" data-id=\"6010\" src=\"https:\/\/www.berthold-gymnasium.de\/wp-content\/uploads\/2016\/10\/Troj.-Pferd-768x1024.jpg\" alt=\"\" class=\"wp-image-6010\" srcset=\"https:\/\/www.berthold-gymnasium.de\/wp-content\/uploads\/2016\/10\/Troj.-Pferd-768x1024.jpg 768w, https:\/\/www.berthold-gymnasium.de\/wp-content\/uploads\/2016\/10\/Troj.-Pferd-225x300.jpg 225w, https:\/\/www.berthold-gymnasium.de\/wp-content\/uploads\/2016\/10\/Troj.-Pferd-112x150.jpg 112w, https:\/\/www.berthold-gymnasium.de\/wp-content\/uploads\/2016\/10\/Troj.-Pferd.jpg 800w\" sizes=\"auto, (max-width: 768px) 100vw, 768px\" \/><\/figure>\n\n\n\n<figure class=\"wp-block-image size-large\"><img loading=\"lazy\" decoding=\"async\" width=\"800\" height=\"534\" data-id=\"6011\" src=\"https:\/\/www.berthold-gymnasium.de\/wp-content\/uploads\/2016\/10\/UKL-Ausflug.jpg\" alt=\"\" class=\"wp-image-6011\" srcset=\"https:\/\/www.berthold-gymnasium.de\/wp-content\/uploads\/2016\/10\/UKL-Ausflug.jpg 800w, https:\/\/www.berthold-gymnasium.de\/wp-content\/uploads\/2016\/10\/UKL-Ausflug-300x200.jpg 300w, https:\/\/www.berthold-gymnasium.de\/wp-content\/uploads\/2016\/10\/UKL-Ausflug-225x150.jpg 225w, https:\/\/www.berthold-gymnasium.de\/wp-content\/uploads\/2016\/10\/UKL-Ausflug-768x513.jpg 768w\" sizes=\"auto, (max-width: 800px) 100vw, 800px\" \/><\/figure>\n\n\n\n<figure class=\"wp-block-image size-large\"><img loading=\"lazy\" decoding=\"async\" width=\"800\" height=\"533\" data-id=\"6012\" src=\"https:\/\/www.berthold-gymnasium.de\/wp-content\/uploads\/2016\/10\/Unterwasser.jpg\" alt=\"\" class=\"wp-image-6012\" srcset=\"https:\/\/www.berthold-gymnasium.de\/wp-content\/uploads\/2016\/10\/Unterwasser.jpg 800w, https:\/\/www.berthold-gymnasium.de\/wp-content\/uploads\/2016\/10\/Unterwasser-300x200.jpg 300w, https:\/\/www.berthold-gymnasium.de\/wp-content\/uploads\/2016\/10\/Unterwasser-225x150.jpg 225w, https:\/\/www.berthold-gymnasium.de\/wp-content\/uploads\/2016\/10\/Unterwasser-768x512.jpg 768w\" sizes=\"auto, (max-width: 800px) 100vw, 800px\" \/><\/figure>\n\n\n\n<figure class=\"wp-block-image size-large\"><img loading=\"lazy\" decoding=\"async\" width=\"1024\" height=\"599\" data-id=\"6014\" src=\"https:\/\/www.berthold-gymnasium.de\/wp-content\/uploads\/2016\/10\/Ukrainische-Kunstwoche-1024x599.jpg\" alt=\"\" class=\"wp-image-6014\" srcset=\"https:\/\/www.berthold-gymnasium.de\/wp-content\/uploads\/2016\/10\/Ukrainische-Kunstwoche-1024x599.jpg 1024w, https:\/\/www.berthold-gymnasium.de\/wp-content\/uploads\/2016\/10\/Ukrainische-Kunstwoche-300x176.jpg 300w, https:\/\/www.berthold-gymnasium.de\/wp-content\/uploads\/2016\/10\/Ukrainische-Kunstwoche-256x150.jpg 256w, https:\/\/www.berthold-gymnasium.de\/wp-content\/uploads\/2016\/10\/Ukrainische-Kunstwoche-768x449.jpg 768w, https:\/\/www.berthold-gymnasium.de\/wp-content\/uploads\/2016\/10\/Ukrainische-Kunstwoche-1536x899.jpg 1536w, https:\/\/www.berthold-gymnasium.de\/wp-content\/uploads\/2016\/10\/Ukrainische-Kunstwoche-2048x1198.jpg 2048w\" sizes=\"auto, (max-width: 1024px) 100vw, 1024px\" \/><\/figure>\n<\/figure>\n\n\n\n<p>Der Bereich Schulsozialarbeit basiert stets auf Freiwilligkeit und unterliegt der Schweigepflicht.<\/p>\n\n\n\n<p>Als Mitarbeiter einer externen Jugendhilfe-Einrichtung agiert der Sozialp\u00e4dagoge am BG neutral und unabh\u00e4ngig.<\/p>\n\n\n\n<p><strong>Kontakt &amp; Kernzeiten:<\/strong><\/p>\n\n\n\n<div class=\"wp-block-group\"><div class=\"wp-block-group__inner-container is-layout-constrained wp-block-group-is-layout-constrained\">\n<p>Mo.-Fr.: 8.30-14.30 plus<\/p>\n\n\n\n<p>Termine nach Vereinbarung<\/p>\n<\/div><\/div>\n\n\n\n<p><\/p>\n\n\n\n<div class=\"wp-block-group\"><div class=\"wp-block-group__inner-container is-layout-constrained wp-block-group-is-layout-constrained\"><div class=\"wp-block-image\">\n<figure class=\"alignright is-resized\"><a href=\"http:\/\/www.jugendhilfe-freiburg.de\/\" rel=\"attachment wp-att-1734\"><img loading=\"lazy\" decoding=\"async\" width=\"300\" height=\"222\" src=\"https:\/\/www.berthold-gymnasium.de\/wp-content\/uploads\/2016\/10\/ejh-Logo1-300x222.jpg\" alt=\"ejh-logo1\" class=\"wp-image-1734\" style=\"width:126px;height:93px\" srcset=\"https:\/\/www.berthold-gymnasium.de\/wp-content\/uploads\/2016\/10\/ejh-Logo1-300x222.jpg 300w, https:\/\/www.berthold-gymnasium.de\/wp-content\/uploads\/2016\/10\/ejh-Logo1-203x150.jpg 203w, https:\/\/www.berthold-gymnasium.de\/wp-content\/uploads\/2016\/10\/ejh-Logo1-406x300.jpg 406w, https:\/\/www.berthold-gymnasium.de\/wp-content\/uploads\/2016\/10\/ejh-Logo1.jpg 630w\" sizes=\"auto, (max-width: 300px) 100vw, 300px\" \/><\/a><\/figure>\n<\/div>\n\n\n<p><\/p>\n\n\n\n<p>Tr\u00e4ger der Schulsozialarbeit am Berthold-Gymnasium ist die <a href=\"http:\/\/www.jugendhilfe-freiburg.de\/\">Evangelische Jugendhilfe Z\u00e4hringen<\/a>.<\/p>\n<\/div><\/div>\n\n\n\n<p><\/p>\n\n\n\n<p><\/p>\n\n\n\n<p><strong>Beratung am BG: Schulsozialarbeit und Beratungslehrkraft<\/strong><\/p>\n\n\n<a href=\"https:\/\/www.berthold-gymnasium.de\/wp-content\/uploads\/2015\/10\/Beratung-am-BG-2025_Tabelle.pdf\" class=\"pdfemb-viewer\" style=\"\" data-width=\"max\" data-height=\"max\" data-toolbar=\"bottom\" data-toolbar-fixed=\"off\">Beratung-am-BG-2025_Tabelle<\/a>","protected":false},"excerpt":{"rendered":"<p>Mathias R\u00fcmmele<br \/>\nB\u00fcro der Schulsozialarbeit am Berthold-Gymnasium<br \/>\nRaum 129 (EG)<br \/>\nTelefon: 0761 \/ 201-7727<br \/>\nE-Mail: \u00a0mathias.ruemmele@jugendhilfe-freiburg.de<\/p>\n","protected":false},"author":1,"featured_media":5491,"comment_status":"closed","ping_status":"closed","sticky":false,"template":"","format":"standard","meta":{"_FSMCFIC_featured_image_caption":"","_FSMCFIC_featured_image_nocaption":"","_FSMCFIC_featured_image_hide":"","footnotes":""},"categories":[22],"tags":[],"class_list":["post-1708","post","type-post","status-publish","format-standard","has-post-thumbnail","hentry","category-beratung"],"publishpress_future_action":{"enabled":false,"date":"2026-05-04 18:09:10","action":"change-status","newStatus":"draft","terms":[],"taxonomy":"category","extraData":[]},"publishpress_future_workflow_manual_trigger":{"enabledWorkflows":[]},"_links":{"self":[{"href":"https:\/\/www.berthold-gymnasium.de\/index.php?rest_route=\/wp\/v2\/posts\/1708","targetHints":{"allow":["GET"]}}],"collection":[{"href":"https:\/\/www.berthold-gymnasium.de\/index.php?rest_route=\/wp\/v2\/posts"}],"about":[{"href":"https:\/\/www.berthold-gymnasium.de\/index.php?rest_route=\/wp\/v2\/types\/post"}],"author":[{"embeddable":true,"href":"https:\/\/www.berthold-gymnasium.de\/index.php?rest_route=\/wp\/v2\/users\/1"}],"replies":[{"embeddable":true,"href":"https:\/\/www.berthold-gymnasium.de\/index.php?rest_route=%2Fwp%2Fv2%2Fcomments&post=1708"}],"version-history":[{"count":4,"href":"https:\/\/www.berthold-gymnasium.de\/index.php?rest_route=\/wp\/v2\/posts\/1708\/revisions"}],"predecessor-version":[{"id":7495,"href":"https:\/\/www.berthold-gymnasium.de\/index.php?rest_route=\/wp\/v2\/posts\/1708\/revisions\/7495"}],"wp:featuredmedia":[{"embeddable":true,"href":"https:\/\/www.berthold-gymnasium.de\/index.php?rest_route=\/wp\/v2\/media\/5491"}],"wp:attachment":[{"href":"https:\/\/www.berthold-gymnasium.de\/index.php?rest_route=%2Fwp%2Fv2%2Fmedia&parent=1708"}],"wp:term":[{"taxonomy":"category","embeddable":true,"href":"https:\/\/www.berthold-gymnasium.de\/index.php?rest_route=%2Fwp%2Fv2%2Fcategories&post=1708"},{"taxonomy":"post_tag","embeddable":true,"href":"https:\/\/www.berthold-gymnasium.de\/index.php?rest_route=%2Fwp%2Fv2%2Ftags&post=1708"}],"curies":[{"name":"wp","href":"https:\/\/api.w.org\/{rel}","templated":true}]}}