{"id":202,"date":"2015-10-22T16:26:41","date_gmt":"2015-10-22T14:26:41","guid":{"rendered":"http:\/\/www.berthold-gymnasium.de\/wordpress\/?page_id=202"},"modified":"2018-10-09T08:02:02","modified_gmt":"2018-10-09T06:02:02","slug":"musik","status":"publish","type":"post","link":"https:\/\/www.berthold-gymnasium.de\/?p=202","title":{"rendered":"Musik"},"content":{"rendered":"<p>Seit dem Mittelalter, in dem Sch\u00fcler der Lateinschule als Chors\u00e4nger im Freiburger M\u00fcnster hervortraten, spielt Musik am Berthold-Gymnasium eine besondere Rolle. Mit unseren engagierten und musikalisch vielseitig interessierten Sch\u00fclerinnen und Sch\u00fclern f\u00fchren wir sowohl im Fachunterricht als auch in unseren AGs unterschiedlichste Projekte durch: gemeinsame Konzertbesuche, Einladung prominenter Musiker an unsere Schule, Kooperationen z.B. mit dem Freiburger Barockorchester (FBO), den Freiburger Jazz und Rockschulen. F\u00fcr die Chor-und Orchesterarbeit \u00f6ffnen wir immer wieder die T\u00fcren f\u00fcr die gesamte BG-Familie, da musizieren Eltern, Kollegen, Ehemalige und Freunde des BG gemeinsam. Beim j\u00e4hrlichen Kammermusikabend haben unsere Sch\u00fclerinnen und Sch\u00fcler die M\u00f6glichkeit, solistisch oder in unterschiedlichen Ensembles Auftrittserfahrung zu sammeln.<\/p>\n<p><img loading=\"lazy\" decoding=\"async\" class=\"alignright wp-image-2729 size-full\" src=\"https:\/\/www.berthold-gymnasium.de\/wp-content\/uploads\/2018\/08\/Konzert-2018-1.jpg\" alt=\"\" width=\"1000\" height=\"750\" srcset=\"https:\/\/www.berthold-gymnasium.de\/wp-content\/uploads\/2018\/08\/Konzert-2018-1.jpg 1000w, https:\/\/www.berthold-gymnasium.de\/wp-content\/uploads\/2018\/08\/Konzert-2018-1-200x150.jpg 200w, https:\/\/www.berthold-gymnasium.de\/wp-content\/uploads\/2018\/08\/Konzert-2018-1-300x225.jpg 300w, https:\/\/www.berthold-gymnasium.de\/wp-content\/uploads\/2018\/08\/Konzert-2018-1-768x576.jpg 768w\" sizes=\"auto, (max-width: 1000px) 100vw, 1000px\" \/><\/p>\n<p>Seit dem Schuljahr 2014\/15 arbeiten wir mit dem innovativen Musiklehrbuch <em>MusiX<\/em>, das durch ein durchdachtes Konzept des aufbauenden Musikunterrichts und inspirierende Handlungsorientiertheit \u00fcberzeugt. Schwerpunkte unserer Arbeit sind neben den im Schulcurriculum festgehaltenen und durch den Bildungsplan vorgegebenen Inhalten vor allem das aktive instrumentale und vokale Musizieren im Unterricht und die Teilnahme an Projekten und Kooperationen.<\/p>\n<p>&nbsp;<\/p>\n<p>&nbsp;<\/p>\n","protected":false},"excerpt":{"rendered":"<p>Der Fachunterricht in Musik zeichnet sich durch die Verwendung des innovativen Musiklehrbuchs MusiX aus, das durch ein durchdachtes Konzept des aufbauenden Musikunterrichts und inspirierende Handlungsorientiertheit \u00fcberzeugt. Schwerpunkte sind weiter das aktive instrumentale und vokale Musizieren im Unterricht und die Teilnahme an Projekten und Kooperationen.<\/p>\n","protected":false},"author":1,"featured_media":2645,"comment_status":"closed","ping_status":"closed","sticky":false,"template":"","format":"standard","meta":{"_FSMCFIC_featured_image_caption":"","_FSMCFIC_featured_image_nocaption":"","_FSMCFIC_featured_image_hide":"","footnotes":""},"categories":[32],"tags":[],"class_list":["post-202","post","type-post","status-publish","format-standard","has-post-thumbnail","hentry","category-fach"],"publishpress_future_action":{"enabled":false,"date":"2026-05-04 19:45:30","action":"change-status","newStatus":"draft","terms":[],"taxonomy":"category","extraData":[]},"publishpress_future_workflow_manual_trigger":{"enabledWorkflows":[]},"_links":{"self":[{"href":"https:\/\/www.berthold-gymnasium.de\/index.php?rest_route=\/wp\/v2\/posts\/202","targetHints":{"allow":["GET"]}}],"collection":[{"href":"https:\/\/www.berthold-gymnasium.de\/index.php?rest_route=\/wp\/v2\/posts"}],"about":[{"href":"https:\/\/www.berthold-gymnasium.de\/index.php?rest_route=\/wp\/v2\/types\/post"}],"author":[{"embeddable":true,"href":"https:\/\/www.berthold-gymnasium.de\/index.php?rest_route=\/wp\/v2\/users\/1"}],"replies":[{"embeddable":true,"href":"https:\/\/www.berthold-gymnasium.de\/index.php?rest_route=%2Fwp%2Fv2%2Fcomments&post=202"}],"version-history":[{"count":6,"href":"https:\/\/www.berthold-gymnasium.de\/index.php?rest_route=\/wp\/v2\/posts\/202\/revisions"}],"predecessor-version":[{"id":3087,"href":"https:\/\/www.berthold-gymnasium.de\/index.php?rest_route=\/wp\/v2\/posts\/202\/revisions\/3087"}],"wp:featuredmedia":[{"embeddable":true,"href":"https:\/\/www.berthold-gymnasium.de\/index.php?rest_route=\/wp\/v2\/media\/2645"}],"wp:attachment":[{"href":"https:\/\/www.berthold-gymnasium.de\/index.php?rest_route=%2Fwp%2Fv2%2Fmedia&parent=202"}],"wp:term":[{"taxonomy":"category","embeddable":true,"href":"https:\/\/www.berthold-gymnasium.de\/index.php?rest_route=%2Fwp%2Fv2%2Fcategories&post=202"},{"taxonomy":"post_tag","embeddable":true,"href":"https:\/\/www.berthold-gymnasium.de\/index.php?rest_route=%2Fwp%2Fv2%2Ftags&post=202"}],"curies":[{"name":"wp","href":"https:\/\/api.w.org\/{rel}","templated":true}]}}