{"id":2985,"date":"2018-09-18T19:10:00","date_gmt":"2018-09-18T17:10:00","guid":{"rendered":"https:\/\/www.berthold-gymnasium.de\/?p=2985"},"modified":"2024-03-30T18:05:26","modified_gmt":"2024-03-30T17:05:26","slug":"garten-ag-2","status":"publish","type":"post","link":"https:\/\/www.berthold-gymnasium.de\/?p=2985","title":{"rendered":"Garten-AG"},"content":{"rendered":"\n<p><span style=\"font-family: Arial, sans-serif;\">Auf unserem Schulgel\u00e4nde befindet sich ein sch\u00f6ner gro\u00dfer Schulgarten, der aus dem Schulalltag nicht mehr wegzudenken ist. \u00a0<\/span><\/p>\n\n\n\n<!--more-->\n\n\n\n<p><span style=\"font-family: Arial, sans-serif;\">Er ist Teil der Gesamtarchitektur der Schule und wird seit 1958 gepflegt.<\/span><\/p>\n\n\n\n<p><span style=\"font-family: Arial, sans-serif;\">2022 wurde &nbsp;der Schulgarten mit F\u00f6rdermittel der Stadt Freiburg saniert und ist ein wichtiges \u00d6kosystem f\u00fcr Fr\u00f6sche und Lurche.<\/span><\/p>\n\n\n\n<p><span style=\"font-family: Arial, sans-serif;\">Die regelm\u00e4\u00dfige Pflege und Gestaltung des Gartens \u00fcbernimmt die Garten-AG. Dabei wird gro\u00dfer Wert darauf gelegt, dass sich neben der Schulgemeinschaft auch Insekten und kleine Nutztiere in unserem Garten wohlf\u00fchlen. <\/span><\/p>\n\n\n\n<p><span style=\"font-family: Arial, sans-serif;\">Teilnehmen d\u00fcrfen interessierte Sch\u00fclerinnen und Sch\u00fcler aus allen Klassenstufen.<\/span><\/p>\n\n\n\n<p>Leitung: Frau Lippmann<\/p>\n\n\n\n<figure class=\"wp-block-image size-full\"><img loading=\"lazy\" decoding=\"async\" width=\"648\" height=\"432\" src=\"https:\/\/www.berthold-gymnasium.de\/wp-content\/uploads\/2018\/09\/2023-06-20-133kl.jpg\" alt=\"\" class=\"wp-image-5807\" srcset=\"https:\/\/www.berthold-gymnasium.de\/wp-content\/uploads\/2018\/09\/2023-06-20-133kl.jpg 648w, https:\/\/www.berthold-gymnasium.de\/wp-content\/uploads\/2018\/09\/2023-06-20-133kl-300x200.jpg 300w, https:\/\/www.berthold-gymnasium.de\/wp-content\/uploads\/2018\/09\/2023-06-20-133kl-225x150.jpg 225w\" sizes=\"auto, (max-width: 648px) 100vw, 648px\" \/><\/figure>\n","protected":false},"excerpt":{"rendered":"<p>Auf unserem Schulgel\u00e4nde befindet sich ein sch\u00f6ner gro\u00dfer Schulgarten, der aus dem Schulalltag nicht mehr wegzudenken ist. \u00a0<\/p>\n","protected":false},"author":1,"featured_media":5808,"comment_status":"closed","ping_status":"closed","sticky":false,"template":"","format":"standard","meta":{"_FSMCFIC_featured_image_caption":"","_FSMCFIC_featured_image_nocaption":null,"_FSMCFIC_featured_image_hide":null,"footnotes":""},"categories":[27,78],"tags":[],"class_list":["post-2985","post","type-post","status-publish","format-standard","has-post-thumbnail","hentry","category-ag","category-gruene-schule"],"publishpress_future_action":{"enabled":false,"date":"2026-05-06 11:15:35","action":"change-status","newStatus":"draft","terms":[],"taxonomy":"category","extraData":[]},"publishpress_future_workflow_manual_trigger":{"enabledWorkflows":[]},"_links":{"self":[{"href":"https:\/\/www.berthold-gymnasium.de\/index.php?rest_route=\/wp\/v2\/posts\/2985","targetHints":{"allow":["GET"]}}],"collection":[{"href":"https:\/\/www.berthold-gymnasium.de\/index.php?rest_route=\/wp\/v2\/posts"}],"about":[{"href":"https:\/\/www.berthold-gymnasium.de\/index.php?rest_route=\/wp\/v2\/types\/post"}],"author":[{"embeddable":true,"href":"https:\/\/www.berthold-gymnasium.de\/index.php?rest_route=\/wp\/v2\/users\/1"}],"replies":[{"embeddable":true,"href":"https:\/\/www.berthold-gymnasium.de\/index.php?rest_route=%2Fwp%2Fv2%2Fcomments&post=2985"}],"version-history":[{"count":4,"href":"https:\/\/www.berthold-gymnasium.de\/index.php?rest_route=\/wp\/v2\/posts\/2985\/revisions"}],"predecessor-version":[{"id":6507,"href":"https:\/\/www.berthold-gymnasium.de\/index.php?rest_route=\/wp\/v2\/posts\/2985\/revisions\/6507"}],"wp:featuredmedia":[{"embeddable":true,"href":"https:\/\/www.berthold-gymnasium.de\/index.php?rest_route=\/wp\/v2\/media\/5808"}],"wp:attachment":[{"href":"https:\/\/www.berthold-gymnasium.de\/index.php?rest_route=%2Fwp%2Fv2%2Fmedia&parent=2985"}],"wp:term":[{"taxonomy":"category","embeddable":true,"href":"https:\/\/www.berthold-gymnasium.de\/index.php?rest_route=%2Fwp%2Fv2%2Fcategories&post=2985"},{"taxonomy":"post_tag","embeddable":true,"href":"https:\/\/www.berthold-gymnasium.de\/index.php?rest_route=%2Fwp%2Fv2%2Ftags&post=2985"}],"curies":[{"name":"wp","href":"https:\/\/api.w.org\/{rel}","templated":true}]}}