{"id":3029,"date":"2018-09-29T12:35:21","date_gmt":"2018-09-29T10:35:21","guid":{"rendered":"https:\/\/www.berthold-gymnasium.de\/?p=3029"},"modified":"2023-07-18T08:25:47","modified_gmt":"2023-07-18T06:25:47","slug":"musical-ag","status":"publish","type":"post","link":"https:\/\/www.berthold-gymnasium.de\/?p=3029","title":{"rendered":"Musical-AG"},"content":{"rendered":"<p>Die Theater-AG der Unterstufe f\u00fchrt in Kooperation mit Musik jedes Jahr ein St\u00fcck in der gro\u00dfen Halle vor. Viele Mitwirkende sind auch s\u00e4ngerisch oder musikalisch t\u00e4tig. Die Proben daf\u00fcr \u00fcbernimmt Frau Vogtmeier in der Musical-AG.<\/p>\n<p>Musikalisch Interessierte, die aber nicht aber nicht Theater spielen wollen sind ganz herzlich eingeladen die Musiktruppe zu verst\u00e4rken.<\/p>\n<p>Probenbeginn nach den Herbstferien<br \/>\nLeitung: Frau Vogtmeier<\/p>\n","protected":false},"excerpt":{"rendered":"<p>Die Theater-AG der Unterstufe von Herrn Arenz f\u00fchrt im Februar 2019 die Kom\u00f6die &#8222;Die V\u00f6gel&#8220; auf. Viele Mitwirkende werden dabei auch s\u00e4ngerisch oder musikalisch t\u00e4tig sein. Die Proben daf\u00fcr \u00fcbernimmt Frau Vogtmeier in der Musical-AG.<\/p>\n<p>Musikalisch Interessierte, die aber nicht aber nicht Theater spielen wollen sind ganz herzlich eingeladen die Musiktruppe zu verst\u00e4rken.<\/p>\n<p>Probenbeginn nach den Herbstferien<br \/>\nLeitung: Frau Vogtmeier<\/p>\n","protected":false},"author":1,"featured_media":0,"comment_status":"closed","ping_status":"closed","sticky":false,"template":"","format":"standard","meta":{"_FSMCFIC_featured_image_caption":"","_FSMCFIC_featured_image_nocaption":"","_FSMCFIC_featured_image_hide":"","footnotes":""},"categories":[1],"tags":[],"class_list":["post-3029","post","type-post","status-publish","format-standard","hentry","category-allgemein"],"publishpress_future_action":{"enabled":false,"date":"2026-05-06 14:50:11","action":"change-status","newStatus":"draft","terms":[],"taxonomy":"category","extraData":[]},"publishpress_future_workflow_manual_trigger":{"enabledWorkflows":[]},"_links":{"self":[{"href":"https:\/\/www.berthold-gymnasium.de\/index.php?rest_route=\/wp\/v2\/posts\/3029","targetHints":{"allow":["GET"]}}],"collection":[{"href":"https:\/\/www.berthold-gymnasium.de\/index.php?rest_route=\/wp\/v2\/posts"}],"about":[{"href":"https:\/\/www.berthold-gymnasium.de\/index.php?rest_route=\/wp\/v2\/types\/post"}],"author":[{"embeddable":true,"href":"https:\/\/www.berthold-gymnasium.de\/index.php?rest_route=\/wp\/v2\/users\/1"}],"replies":[{"embeddable":true,"href":"https:\/\/www.berthold-gymnasium.de\/index.php?rest_route=%2Fwp%2Fv2%2Fcomments&post=3029"}],"version-history":[{"count":5,"href":"https:\/\/www.berthold-gymnasium.de\/index.php?rest_route=\/wp\/v2\/posts\/3029\/revisions"}],"predecessor-version":[{"id":5822,"href":"https:\/\/www.berthold-gymnasium.de\/index.php?rest_route=\/wp\/v2\/posts\/3029\/revisions\/5822"}],"wp:attachment":[{"href":"https:\/\/www.berthold-gymnasium.de\/index.php?rest_route=%2Fwp%2Fv2%2Fmedia&parent=3029"}],"wp:term":[{"taxonomy":"category","embeddable":true,"href":"https:\/\/www.berthold-gymnasium.de\/index.php?rest_route=%2Fwp%2Fv2%2Fcategories&post=3029"},{"taxonomy":"post_tag","embeddable":true,"href":"https:\/\/www.berthold-gymnasium.de\/index.php?rest_route=%2Fwp%2Fv2%2Ftags&post=3029"}],"curies":[{"name":"wp","href":"https:\/\/api.w.org\/{rel}","templated":true}]}}