{"id":3206,"date":"2018-11-17T13:22:53","date_gmt":"2018-11-17T12:22:53","guid":{"rendered":"https:\/\/www.berthold-gymnasium.de\/?p=3206"},"modified":"2018-12-03T18:02:57","modified_gmt":"2018-12-03T17:02:57","slug":"bildende-kunst","status":"publish","type":"post","link":"https:\/\/www.berthold-gymnasium.de\/?p=3206","title":{"rendered":"Bildende Kunst"},"content":{"rendered":"<p>\u201eOb die Kunst und das Sch\u00f6ne den Menschen wirklich zu bessern und zu st\u00e4rken verm\u00f6gen, sei dahingestellt. Zum mindesten erinnern sie uns, gleich dem Sternenhimmel an das Licht, an die Idee der Ordnung, der Harmonie, des \u201eSinnes\u201c im Chaos.\u201c\u00a0\u00a0 (Herrmann Hesse)<\/p>\n<h3><strong>Bildende Kunst am Berthold-Gymnasium<\/strong><\/h3>\n<p><img loading=\"lazy\" decoding=\"async\" class=\"aligncenter wp-image-3301 size-full\" src=\"https:\/\/www.berthold-gymnasium.de\/wp-content\/uploads\/2018\/12\/wBK_arbeiten_jubilaeum_pixelgrafie.jpg\" alt=\"\" width=\"1024\" height=\"243\" srcset=\"https:\/\/www.berthold-gymnasium.de\/wp-content\/uploads\/2018\/12\/wBK_arbeiten_jubilaeum_pixelgrafie.jpg 1024w, https:\/\/www.berthold-gymnasium.de\/wp-content\/uploads\/2018\/12\/wBK_arbeiten_jubilaeum_pixelgrafie-632x150.jpg 632w, https:\/\/www.berthold-gymnasium.de\/wp-content\/uploads\/2018\/12\/wBK_arbeiten_jubilaeum_pixelgrafie-300x71.jpg 300w, https:\/\/www.berthold-gymnasium.de\/wp-content\/uploads\/2018\/12\/wBK_arbeiten_jubilaeum_pixelgrafie-768x182.jpg 768w\" sizes=\"auto, (max-width: 1024px) 100vw, 1024px\" \/><\/p>\n<p>Neben der Vermittlung kunstgeschichtlicher Kenntnisse sowie gestalterischer Grundfertigkeiten, wollen wir den Sch\u00fclerinnen und Sch\u00fcler des Berthold-Gymnasiums insbesondere zum individuellen Entwickeln k\u00fcnstlerischer Denk- und Handlungsweisen anregen.<\/p>\n<p><img loading=\"lazy\" decoding=\"async\" class=\"aligncenter wp-image-3300 size-full\" src=\"https:\/\/www.berthold-gymnasium.de\/wp-content\/uploads\/2018\/12\/wBK_arbeiten_grafik_fotografie.jpg\" alt=\"\" width=\"1024\" height=\"243\" \/><\/p>\n<p>Damit einher geht die F\u00f6rderung von Wahrnehmungs- und Reflexionsverm\u00f6gen. Durch die Besch\u00e4ftigung mit vergangener Kunstepochen und zeitgen\u00f6ssischer Kunst werden kulturelle Zusammenh\u00e4nge erkennbar und neue Sichtweisen er\u00f6ffnet. Auf der Grundlage des Bildungsplanes werden die Kompetenzbereiche k\u00fcnstlerischer Produktion und Rezeption miteinander verbunden und projektorientiert in Malerei, Grafik, Fotografie, Plastik, Design, Neuen Medien, Aktion und Architektur umgesetzt.<\/p>\n<p><img loading=\"lazy\" decoding=\"async\" class=\"aligncenter wp-image-3299 size-full\" src=\"https:\/\/www.berthold-gymnasium.de\/wp-content\/uploads\/2018\/12\/wBK_arbeiten_druckgrafik_kartonportr\u00e4t.jpg\" alt=\"\" width=\"1024\" height=\"243\" srcset=\"https:\/\/www.berthold-gymnasium.de\/wp-content\/uploads\/2018\/12\/wBK_arbeiten_druckgrafik_kartonportr\u00e4t.jpg 1024w, https:\/\/www.berthold-gymnasium.de\/wp-content\/uploads\/2018\/12\/wBK_arbeiten_druckgrafik_kartonportr\u00e4t-632x150.jpg 632w, https:\/\/www.berthold-gymnasium.de\/wp-content\/uploads\/2018\/12\/wBK_arbeiten_druckgrafik_kartonportr\u00e4t-300x71.jpg 300w, https:\/\/www.berthold-gymnasium.de\/wp-content\/uploads\/2018\/12\/wBK_arbeiten_druckgrafik_kartonportr\u00e4t-768x182.jpg 768w\" sizes=\"auto, (max-width: 1024px) 100vw, 1024px\" \/><\/p>\n<p>Die Arbeiten der Sch\u00fclerinnen und Sch\u00fcler werden regelm\u00e4\u00dfig auf den Ausstellungsfl\u00e4chen im Geb\u00e4ude pr\u00e4sentiert.<\/p>\n<p><img loading=\"lazy\" decoding=\"async\" class=\"aligncenter wp-image-3298 size-full\" src=\"https:\/\/www.berthold-gymnasium.de\/wp-content\/uploads\/2018\/12\/wBK_arbeiten_architektur_malerei.jpg\" alt=\"\" width=\"1024\" height=\"243\" srcset=\"https:\/\/www.berthold-gymnasium.de\/wp-content\/uploads\/2018\/12\/wBK_arbeiten_architektur_malerei.jpg 1024w, https:\/\/www.berthold-gymnasium.de\/wp-content\/uploads\/2018\/12\/wBK_arbeiten_architektur_malerei-632x150.jpg 632w, https:\/\/www.berthold-gymnasium.de\/wp-content\/uploads\/2018\/12\/wBK_arbeiten_architektur_malerei-300x71.jpg 300w, https:\/\/www.berthold-gymnasium.de\/wp-content\/uploads\/2018\/12\/wBK_arbeiten_architektur_malerei-768x182.jpg 768w\" sizes=\"auto, (max-width: 1024px) 100vw, 1024px\" \/><\/p>\n<p>&nbsp;<\/p>\n","protected":false},"excerpt":{"rendered":"<p>\u201eOb die Kunst und das Sch\u00f6ne den Menschen wirklich zu bessern und zu st\u00e4rken verm\u00f6gen, sei dahingestellt.<br \/>\nZum mindesten erinnern sie uns, gleich dem Sternenhimmel an das Licht, an die Idee der Ordnung, der Harmonie, des \u201eSinnes\u201c im Chaos.\u201c    (Herrmann Hesse)<\/p>\n","protected":false},"author":1,"featured_media":2553,"comment_status":"closed","ping_status":"closed","sticky":false,"template":"","format":"standard","meta":{"_FSMCFIC_featured_image_caption":"","_FSMCFIC_featured_image_nocaption":null,"_FSMCFIC_featured_image_hide":null,"footnotes":""},"categories":[32],"tags":[],"class_list":["post-3206","post","type-post","status-publish","format-standard","has-post-thumbnail","hentry","category-fach"],"publishpress_future_action":{"enabled":false,"date":"2026-05-08 10:25:55","action":"change-status","newStatus":"draft","terms":[],"taxonomy":"category","extraData":[]},"publishpress_future_workflow_manual_trigger":{"enabledWorkflows":[]},"_links":{"self":[{"href":"https:\/\/www.berthold-gymnasium.de\/index.php?rest_route=\/wp\/v2\/posts\/3206","targetHints":{"allow":["GET"]}}],"collection":[{"href":"https:\/\/www.berthold-gymnasium.de\/index.php?rest_route=\/wp\/v2\/posts"}],"about":[{"href":"https:\/\/www.berthold-gymnasium.de\/index.php?rest_route=\/wp\/v2\/types\/post"}],"author":[{"embeddable":true,"href":"https:\/\/www.berthold-gymnasium.de\/index.php?rest_route=\/wp\/v2\/users\/1"}],"replies":[{"embeddable":true,"href":"https:\/\/www.berthold-gymnasium.de\/index.php?rest_route=%2Fwp%2Fv2%2Fcomments&post=3206"}],"version-history":[{"count":4,"href":"https:\/\/www.berthold-gymnasium.de\/index.php?rest_route=\/wp\/v2\/posts\/3206\/revisions"}],"predecessor-version":[{"id":3302,"href":"https:\/\/www.berthold-gymnasium.de\/index.php?rest_route=\/wp\/v2\/posts\/3206\/revisions\/3302"}],"wp:featuredmedia":[{"embeddable":true,"href":"https:\/\/www.berthold-gymnasium.de\/index.php?rest_route=\/wp\/v2\/media\/2553"}],"wp:attachment":[{"href":"https:\/\/www.berthold-gymnasium.de\/index.php?rest_route=%2Fwp%2Fv2%2Fmedia&parent=3206"}],"wp:term":[{"taxonomy":"category","embeddable":true,"href":"https:\/\/www.berthold-gymnasium.de\/index.php?rest_route=%2Fwp%2Fv2%2Fcategories&post=3206"},{"taxonomy":"post_tag","embeddable":true,"href":"https:\/\/www.berthold-gymnasium.de\/index.php?rest_route=%2Fwp%2Fv2%2Ftags&post=3206"}],"curies":[{"name":"wp","href":"https:\/\/api.w.org\/{rel}","templated":true}]}}