{"id":3262,"date":"2018-11-22T15:08:45","date_gmt":"2018-11-22T14:08:45","guid":{"rendered":"https:\/\/www.berthold-gymnasium.de\/?p=3262"},"modified":"2018-11-22T15:08:45","modified_gmt":"2018-11-22T14:08:45","slug":"gemeinschaftskunde","status":"publish","type":"post","link":"https:\/\/www.berthold-gymnasium.de\/?p=3262","title":{"rendered":"Gemeinschaftskunde"},"content":{"rendered":"<p>Demokratie braucht m\u00fcndige B\u00fcrger! Die Sch\u00fclerinnen und Sch\u00fcler zu demokratischem Denken und Handeln zu bef\u00e4higen und zu ermutigen, ist die wichtigste Aufgabe der politischen Bildung, aber auch der Schule insgesamt.<\/p>\n<p>Hierbei kommt dem Fach Gemeinschaftskunde eine zentrale Bedeutung zu. Dies zeigt sich auch darin, dass Gemeinschaftskunde nach der Landesverfassung ordentliches Lehrfach in allen Schulen ist (Art. 21 Abs. 2 Verfassung des Landes Baden-W\u00fcrttemberg).<\/p>\n<p>Der Unterricht beginnt einst\u00fcndig in Klasse 8 mit sehr sch\u00fclernahen Themen: Inhalte wie Jugendliche in Familie und Gesellschaft, Politik in der Gemeinde oder die besondere Rechtsstellung Jugendlicher r\u00fccken in den Fokus. In Klasse 9 und 10 werden zunehmend komplex unter anderem Themen wie Migration, Grundrechte, die Europ\u00e4ische Union und der Sozialstaat der Bundesrepublik Deutschland behandelt.<\/p>\n<p>In der Kursstufe unterscheiden sich die Inhalte danach, ob die Sch\u00fclerinnen und Sch\u00fcler den Grundkurs (eine Wochenstunde) oder den vierst\u00fcndigen Kurs Gemeinschaftskunde w\u00e4hlen. Der Grundkurs setzt die Auseinandersetzung mit dem politischen Prozess der Bundesrepublik Deutschland und dem Bereich Wirtschafts- und Staatenwelt fort. Der vierst\u00fcndige Kurs beleuchtet tiefgr\u00fcndig Konflikte um Interessen, Macht und Verteilung in den Bereichen Sozialstruktur und Sozialstaatlichkeit, Wirtschaftliche Dynamik und Wirtschaftspolitik, Politische Institutionen und Prozesse und internationale Politik.<\/p>\n<p>Im Gemeinschaftskundeunterricht sollen ankn\u00fcpfend an die Interessen, Erfahrungen und Lebenswelten der Sch\u00fclerinnen und Sch\u00fcler Zusammenh\u00e4nge zwischen der eigenen Lebenssituation, den gesellschaftlichen Bedingungen und der systemischen Perspektive deutlich gemacht und M\u00f6glichkeiten zur politischen Artikulation und Mitgestaltung aufgezeigt werden. Dazu dienen selbstverst\u00e4ndlich die Inhalte des Bildungsplans sowie fachspezifische Methoden, wie beispielsweise das F\u00fchren von Debatten, das Entwickeln von Positionslinien und das Analysieren von Karikaturen. Ein besonderer Fokus liegt dabei auf den politikdidaktischen Prinzipien der Aktualit\u00e4t und Kontroversit\u00e4t, um den Sch\u00fclerinnen und Sch\u00fclern eine begr\u00fcndete Urteilsbildung zu erm\u00f6glichen.<\/p>\n<p>Um Politik erfahrbar zu machen,\u00a0 schauen wir regelm\u00e4\u00dfig \u00fcber den schulischen Tellerrand hinaus: \u00a0Von Expertenbesuchen und -befragungen, Begegnungen mit Parlamentariern, Gemeinderats- und Landtagsbesuchen, Verhandlungen im Amtsgericht, Planspielen, Wettbewerben und Besuchen des Europaparlaments profitieren die Sch\u00fclerinnen und Sch\u00fcler ebenso wie das Fach Gemeinschaftskunde selbst.<\/p>\n<p>Link Bildungsplan GK:<\/p>\n<ul>\n<li><a href=\"http:\/\/www.bildungsplaene-bw.de\/,Lde\/LS\/BP2016BW\/ALLG\/GYM\/GK\/LG\">http:\/\/www.bildungsplaene-bw.de\/,Lde\/LS\/BP2016BW\/ALLG\/GYM\/GK\/LG<\/a><\/li>\n<\/ul>\n<p>10 Thesen zur politischen Bildung in BaW\u00fc:<\/p>\n<ul>\n<li><a href=\"https:\/\/www.lpb-bw.de\/10thesen-polbild-bw.html\">https:\/\/www.lpb-bw.de\/10thesen-polbild-bw.html<\/a><\/li>\n<\/ul>\n","protected":false},"excerpt":{"rendered":"<p>Demokratie braucht m\u00fcndige B\u00fcrger! Die Sch\u00fclerinnen und Sch\u00fcler zu demokratischem Denken und Handeln zu bef\u00e4higen und zu ermutigen, ist die wichtigste Aufgabe der politischen Bildung, aber auch der Schule insgesamt.<br \/>\nHierbei kommt dem Fach Gemeinschaftskunde eine zentrale Bedeutung zu. Dies zeigt sich auch darin, dass Gemeinschaftskunde nach der Landesverfassung ordentliches Lehrfach in allen Schulen ist (Art. 21 Abs. 2 Verfassung des Landes Baden-W\u00fcrttemberg).<\/p>\n","protected":false},"author":1,"featured_media":3261,"comment_status":"closed","ping_status":"closed","sticky":false,"template":"","format":"standard","meta":{"_FSMCFIC_featured_image_caption":"","_FSMCFIC_featured_image_nocaption":null,"_FSMCFIC_featured_image_hide":null,"footnotes":""},"categories":[32],"tags":[],"class_list":["post-3262","post","type-post","status-publish","format-standard","has-post-thumbnail","hentry","category-fach"],"publishpress_future_action":{"enabled":false,"date":"2026-05-06 16:20:20","action":"change-status","newStatus":"draft","terms":[],"taxonomy":"category","extraData":[]},"publishpress_future_workflow_manual_trigger":{"enabledWorkflows":[]},"_links":{"self":[{"href":"https:\/\/www.berthold-gymnasium.de\/index.php?rest_route=\/wp\/v2\/posts\/3262","targetHints":{"allow":["GET"]}}],"collection":[{"href":"https:\/\/www.berthold-gymnasium.de\/index.php?rest_route=\/wp\/v2\/posts"}],"about":[{"href":"https:\/\/www.berthold-gymnasium.de\/index.php?rest_route=\/wp\/v2\/types\/post"}],"author":[{"embeddable":true,"href":"https:\/\/www.berthold-gymnasium.de\/index.php?rest_route=\/wp\/v2\/users\/1"}],"replies":[{"embeddable":true,"href":"https:\/\/www.berthold-gymnasium.de\/index.php?rest_route=%2Fwp%2Fv2%2Fcomments&post=3262"}],"version-history":[{"count":1,"href":"https:\/\/www.berthold-gymnasium.de\/index.php?rest_route=\/wp\/v2\/posts\/3262\/revisions"}],"predecessor-version":[{"id":3263,"href":"https:\/\/www.berthold-gymnasium.de\/index.php?rest_route=\/wp\/v2\/posts\/3262\/revisions\/3263"}],"wp:featuredmedia":[{"embeddable":true,"href":"https:\/\/www.berthold-gymnasium.de\/index.php?rest_route=\/wp\/v2\/media\/3261"}],"wp:attachment":[{"href":"https:\/\/www.berthold-gymnasium.de\/index.php?rest_route=%2Fwp%2Fv2%2Fmedia&parent=3262"}],"wp:term":[{"taxonomy":"category","embeddable":true,"href":"https:\/\/www.berthold-gymnasium.de\/index.php?rest_route=%2Fwp%2Fv2%2Fcategories&post=3262"},{"taxonomy":"post_tag","embeddable":true,"href":"https:\/\/www.berthold-gymnasium.de\/index.php?rest_route=%2Fwp%2Fv2%2Ftags&post=3262"}],"curies":[{"name":"wp","href":"https:\/\/api.w.org\/{rel}","templated":true}]}}