{"id":3469,"date":"2019-06-09T08:27:14","date_gmt":"2019-06-09T06:27:14","guid":{"rendered":"https:\/\/www.berthold-gymnasium.de\/?p=3469"},"modified":"2019-09-09T08:25:02","modified_gmt":"2019-09-09T06:25:02","slug":"landes-und-ortspreise-fuer-das-berthold-gymnasium","status":"publish","type":"post","link":"https:\/\/www.berthold-gymnasium.de\/?p=3469","title":{"rendered":"Landes- und Ortspreise f\u00fcr das Berthold-Gymnasium"},"content":{"rendered":"\n<p>F\u00fcr ihre eingereichten Arbeiten aus dem BK-Unterricht wurden beim 66. Europ\u00e4ischen Wettbewerb 16 Sch\u00fcler\/innen des Berthold-Gymnasiums mit einem Preis ausgezeichnet. Die Preisverleihung fand vor zahlreichem Publikum im Rahmen des Europatages am Kartoffelmarkt in Freiburg statt und wurde durch Oberb\u00fcrgermeister Ulrich von Kirchbach er\u00f6ffnet.<\/p>\n\n\n\n<!--more-->\n\n\n\n<p>Neben Urkunden und Buchpreisen gab es f\u00fcr die Preistr\u00e4ger je eine Freikarte f\u00fcr den Europapark in Rust. Ein Ortspreis ging an Maya Freund, Amelie Heinzemann, Jonathan Holz\u00e4pfel,  Marlon Jansen, Charlotte Michler, Louisa Olu, Sarah Ott, Fleur Schairer, Tobias Scholz und Luzie Werkmeister, Jg. 5.<\/p>\n\n\n\n<p>Ebenso erhielten f\u00fcr ihre Gruppenarbeit zum Thema: \u201eEuropa \/ Brexit in der Street Art\u201c Lovis Homberger, Simon Houben, Chryssa Brieger Nezis, Emily Frank und Cosima Freyholdt, Jg. 9, einen Ortspreis.<\/p>\n\n\n\n<p>Lotta Nestor, Jg. 5, wurde dar\u00fcber hinaus mit einem Landespreis f\u00fcr ihre Arbeit zum Thema \u201cParlament der Tiere\u201c ausgezeichnet.<\/p>\n\n\n\n<p>Bewundern konnte man die Arbeiten vom 14. \u2013 30. Mai in der Stadtbibliothek Freiburg. Hier wurden die Arbeiten im  Rahmen einer Ausstellung pr\u00e4sentiert. <\/p>\n\n\n\n<p>Wir gratulieren allen Preistr\u00e4ger\/innen recht herzlich!<\/p>\n\n\n\n<figure class=\"wp-block-image\"><img loading=\"lazy\" decoding=\"async\" width=\"800\" height=\"496\" src=\"https:\/\/www.berthold-gymnasium.de\/wp-content\/uploads\/2019\/06\/ew-IMG_7112-kl.jpg\" alt=\"\" class=\"wp-image-3467\" srcset=\"https:\/\/www.berthold-gymnasium.de\/wp-content\/uploads\/2019\/06\/ew-IMG_7112-kl.jpg 800w, https:\/\/www.berthold-gymnasium.de\/wp-content\/uploads\/2019\/06\/ew-IMG_7112-kl-242x150.jpg 242w, https:\/\/www.berthold-gymnasium.de\/wp-content\/uploads\/2019\/06\/ew-IMG_7112-kl-300x186.jpg 300w, https:\/\/www.berthold-gymnasium.de\/wp-content\/uploads\/2019\/06\/ew-IMG_7112-kl-768x476.jpg 768w\" sizes=\"auto, (max-width: 800px) 100vw, 800px\" \/><\/figure>\n\n\n\n<figure class=\"wp-block-image\"><img loading=\"lazy\" decoding=\"async\" width=\"800\" height=\"461\" src=\"https:\/\/www.berthold-gymnasium.de\/wp-content\/uploads\/2019\/06\/DSC_1831kl.jpg\" alt=\"\" class=\"wp-image-3466\" srcset=\"https:\/\/www.berthold-gymnasium.de\/wp-content\/uploads\/2019\/06\/DSC_1831kl.jpg 800w, https:\/\/www.berthold-gymnasium.de\/wp-content\/uploads\/2019\/06\/DSC_1831kl-260x150.jpg 260w, https:\/\/www.berthold-gymnasium.de\/wp-content\/uploads\/2019\/06\/DSC_1831kl-300x173.jpg 300w, https:\/\/www.berthold-gymnasium.de\/wp-content\/uploads\/2019\/06\/DSC_1831kl-768x443.jpg 768w\" sizes=\"auto, (max-width: 800px) 100vw, 800px\" \/><\/figure>\n","protected":false},"excerpt":{"rendered":"<p>F\u00fcr ihre eingereichten Arbeiten aus dem BK-Unterricht wurden beim 66. Europ\u00e4ischen Wettbewerb 16 Sch\u00fcler\/innen des Berthold-Gymnasiums mit einem Preis ausgezeichnet. Die Preisverleihung fand vor zahlreichem Publikum im Rahmen des Europatages am Kartoffelmarkt in Freiburg statt und wurde durch Oberb\u00fcrgermeister Ulrich von Kirchbach er\u00f6ffnet.<\/p>\n","protected":false},"author":1,"featured_media":3468,"comment_status":"closed","ping_status":"closed","sticky":false,"template":"","format":"standard","meta":{"_FSMCFIC_featured_image_caption":"","_FSMCFIC_featured_image_nocaption":"","_FSMCFIC_featured_image_hide":"","footnotes":""},"categories":[30],"tags":[],"class_list":["post-3469","post","type-post","status-publish","format-standard","has-post-thumbnail","hentry","category-newsarchiv"],"publishpress_future_action":{"enabled":false,"date":"2026-05-04 21:29:17","action":"change-status","newStatus":"draft","terms":[],"taxonomy":"category","extraData":[]},"publishpress_future_workflow_manual_trigger":{"enabledWorkflows":[]},"_links":{"self":[{"href":"https:\/\/www.berthold-gymnasium.de\/index.php?rest_route=\/wp\/v2\/posts\/3469","targetHints":{"allow":["GET"]}}],"collection":[{"href":"https:\/\/www.berthold-gymnasium.de\/index.php?rest_route=\/wp\/v2\/posts"}],"about":[{"href":"https:\/\/www.berthold-gymnasium.de\/index.php?rest_route=\/wp\/v2\/types\/post"}],"author":[{"embeddable":true,"href":"https:\/\/www.berthold-gymnasium.de\/index.php?rest_route=\/wp\/v2\/users\/1"}],"replies":[{"embeddable":true,"href":"https:\/\/www.berthold-gymnasium.de\/index.php?rest_route=%2Fwp%2Fv2%2Fcomments&post=3469"}],"version-history":[{"count":1,"href":"https:\/\/www.berthold-gymnasium.de\/index.php?rest_route=\/wp\/v2\/posts\/3469\/revisions"}],"predecessor-version":[{"id":3470,"href":"https:\/\/www.berthold-gymnasium.de\/index.php?rest_route=\/wp\/v2\/posts\/3469\/revisions\/3470"}],"wp:featuredmedia":[{"embeddable":true,"href":"https:\/\/www.berthold-gymnasium.de\/index.php?rest_route=\/wp\/v2\/media\/3468"}],"wp:attachment":[{"href":"https:\/\/www.berthold-gymnasium.de\/index.php?rest_route=%2Fwp%2Fv2%2Fmedia&parent=3469"}],"wp:term":[{"taxonomy":"category","embeddable":true,"href":"https:\/\/www.berthold-gymnasium.de\/index.php?rest_route=%2Fwp%2Fv2%2Fcategories&post=3469"},{"taxonomy":"post_tag","embeddable":true,"href":"https:\/\/www.berthold-gymnasium.de\/index.php?rest_route=%2Fwp%2Fv2%2Ftags&post=3469"}],"curies":[{"name":"wp","href":"https:\/\/api.w.org\/{rel}","templated":true}]}}