{"id":3486,"date":"2019-07-04T22:13:57","date_gmt":"2019-07-04T20:13:57","guid":{"rendered":"https:\/\/www.berthold-gymnasium.de\/?p=3486"},"modified":"2024-12-03T17:30:21","modified_gmt":"2024-12-03T16:30:21","slug":"wer-bin-ich-schueler-innen-stellen-im-museum-fuer-neue-kunst-in-freiburg-aus","status":"publish","type":"post","link":"https:\/\/www.berthold-gymnasium.de\/?p=3486","title":{"rendered":"&#8222;Wer bin ich&#8220; &#8211; Sch\u00fcler\/innen stellen im Museum f\u00fcr Neue Kunst in Freiburg aus"},"content":{"rendered":"\n<p>Vier Sch\u00fclerinnen und Sch\u00fcler des Berthold-Gymnasiums erhalten die einmalige Gelegenheit, sich mit ihren Arbeiten an der Ausstellung zum Thema \u201cWer bin ich\u201c im Museum f\u00fcr Neue Kunst beteiligen zu k\u00f6nnen. Sie hatten sich auf die Ausschreibung f\u00fcr Jugendliche im Alter von 13-21 Jahren beworben und waren f\u00fcr die Ausstellung ausgew\u00e4hlt worden.<\/p>\n\n\n\n<!--more-->\n\n\n\n<p>Die Arbeiten von insgesamt 44 Freiburger Jugendlichen werden seit dem 1. Juli 2019 im Treppenaufgang des Museums pr\u00e4sentiert.<br> Dort kann man bis 21. Juli 2019 die Bilder von Elena Brieger K1, Eric Feil, Gretha Keim und Nora Klaus (jeweils Klasse 9) anschauen und f\u00fcr die beste Arbeit seine Stimme abgeben. Am 20. Juli 2019 werden im Rahmen der Freiburger Museumsnacht die Preistr\u00e4ger mit den meisten Publikumsstimmen gek\u00fcrt.<\/p>\n\n\n\n<figure class=\"wp-block-image\"><img loading=\"lazy\" decoding=\"async\" width=\"681\" height=\"523\" src=\"https:\/\/www.berthold-gymnasium.de\/wp-content\/uploads\/2019\/07\/DSC_1897kl.jpg\" alt=\"\" class=\"wp-image-3485\" srcset=\"https:\/\/www.berthold-gymnasium.de\/wp-content\/uploads\/2019\/07\/DSC_1897kl.jpg 681w, https:\/\/www.berthold-gymnasium.de\/wp-content\/uploads\/2019\/07\/DSC_1897kl-195x150.jpg 195w, https:\/\/www.berthold-gymnasium.de\/wp-content\/uploads\/2019\/07\/DSC_1897kl-300x230.jpg 300w\" sizes=\"auto, (max-width: 681px) 100vw, 681px\" \/><\/figure>\n\n\n\n<figure class=\"wp-block-image\"><img loading=\"lazy\" decoding=\"async\" width=\"450\" height=\"800\" src=\"https:\/\/www.berthold-gymnasium.de\/wp-content\/uploads\/2019\/07\/DSC_1886skl.jpg\" alt=\"\" class=\"wp-image-3484\" srcset=\"https:\/\/www.berthold-gymnasium.de\/wp-content\/uploads\/2019\/07\/DSC_1886skl.jpg 450w, https:\/\/www.berthold-gymnasium.de\/wp-content\/uploads\/2019\/07\/DSC_1886skl-84x150.jpg 84w, https:\/\/www.berthold-gymnasium.de\/wp-content\/uploads\/2019\/07\/DSC_1886skl-169x300.jpg 169w\" sizes=\"auto, (max-width: 450px) 100vw, 450px\" \/><\/figure>\n","protected":false},"excerpt":{"rendered":"<p>Vier Sch\u00fclerinnen und Sch\u00fcler des Berthold-Gymnasiums erhalten die einmalige Gelegenheit, sich mit ihren Arbeiten an der Ausstellung zum Thema \u201cWer bin ich\u201c im Museum f\u00fcr Neue Kunst beteiligen zu k\u00f6nnen. Sie hatten sich auf die Ausschreibung f\u00fcr Jugendliche im Alter von 13-21 Jahren beworben und waren f\u00fcr die Ausstellung ausgew\u00e4hlt worden.<\/p>\n","protected":false},"author":1,"featured_media":3483,"comment_status":"closed","ping_status":"closed","sticky":false,"template":"","format":"standard","meta":{"_FSMCFIC_featured_image_caption":"","_FSMCFIC_featured_image_nocaption":"","_FSMCFIC_featured_image_hide":"","footnotes":""},"categories":[1,89],"tags":[],"class_list":["post-3486","post","type-post","status-publish","format-standard","has-post-thumbnail","hentry","category-allgemein","category-kunst"],"publishpress_future_action":{"enabled":false,"date":"2026-05-08 12:41:38","action":"change-status","newStatus":"draft","terms":[],"taxonomy":"category","extraData":[]},"publishpress_future_workflow_manual_trigger":{"enabledWorkflows":[]},"_links":{"self":[{"href":"https:\/\/www.berthold-gymnasium.de\/index.php?rest_route=\/wp\/v2\/posts\/3486","targetHints":{"allow":["GET"]}}],"collection":[{"href":"https:\/\/www.berthold-gymnasium.de\/index.php?rest_route=\/wp\/v2\/posts"}],"about":[{"href":"https:\/\/www.berthold-gymnasium.de\/index.php?rest_route=\/wp\/v2\/types\/post"}],"author":[{"embeddable":true,"href":"https:\/\/www.berthold-gymnasium.de\/index.php?rest_route=\/wp\/v2\/users\/1"}],"replies":[{"embeddable":true,"href":"https:\/\/www.berthold-gymnasium.de\/index.php?rest_route=%2Fwp%2Fv2%2Fcomments&post=3486"}],"version-history":[{"count":1,"href":"https:\/\/www.berthold-gymnasium.de\/index.php?rest_route=\/wp\/v2\/posts\/3486\/revisions"}],"predecessor-version":[{"id":3487,"href":"https:\/\/www.berthold-gymnasium.de\/index.php?rest_route=\/wp\/v2\/posts\/3486\/revisions\/3487"}],"wp:featuredmedia":[{"embeddable":true,"href":"https:\/\/www.berthold-gymnasium.de\/index.php?rest_route=\/wp\/v2\/media\/3483"}],"wp:attachment":[{"href":"https:\/\/www.berthold-gymnasium.de\/index.php?rest_route=%2Fwp%2Fv2%2Fmedia&parent=3486"}],"wp:term":[{"taxonomy":"category","embeddable":true,"href":"https:\/\/www.berthold-gymnasium.de\/index.php?rest_route=%2Fwp%2Fv2%2Fcategories&post=3486"},{"taxonomy":"post_tag","embeddable":true,"href":"https:\/\/www.berthold-gymnasium.de\/index.php?rest_route=%2Fwp%2Fv2%2Ftags&post=3486"}],"curies":[{"name":"wp","href":"https:\/\/api.w.org\/{rel}","templated":true}]}}