{"id":3489,"date":"2019-07-17T15:14:02","date_gmt":"2019-07-17T13:14:02","guid":{"rendered":"https:\/\/www.berthold-gymnasium.de\/?p=3489"},"modified":"2024-07-03T07:21:44","modified_gmt":"2024-07-03T05:21:44","slug":"internationale-vorbereitungsklasse","status":"publish","type":"post","link":"https:\/\/www.berthold-gymnasium.de\/?p=3489","title":{"rendered":"Internationale Vorbereitungsklasse"},"content":{"rendered":"\n<p><\/p>\n\n\n\n<p><\/p>\n\n\n\n<h2 class=\"wp-block-heading\">F\u00fcr Neub\u00fcrger und Gastsch\u00fcler<\/h2>\n\n\n\n<p>Das Angebot der internationalen Vorbereitungsklasse (VKL) am Berthold-Gymnasium richtet sich an Kinder und Jugendliche, deren Familien aus dem Ausland nach Freiburg ziehen oder die erst seit kurzer Zeit hier sind und gezielt nach einer gymnasialen Ausbildung f\u00fcr ihr Kind suchen. Auch f\u00fcr Gastsch\u00fcler, die nur ein Jahr an einer deutschen Schule verbringen wollen, kann die VKL ein passendes Angebot sein. Entsprechend kommen Kinder aus A wie Australien, T wie T\u00fcrkei, U wie USA, V wie Venezuela und Z wie Zypern zu uns. F\u00fcr das Schuljahr 2024\/25 werden wir wieder eine VKL einrichten und freuen uns auf eine gute gemeinsame Zeit.<\/p>\n\n\n\n<h2 class=\"wp-block-heading\">Deutsch als Zweitsprache<\/h2>\n\n\n\n<p>In dieser Klasse lernen Kinder und Jugendliche gemeinsam, deren Muttersprache nicht Deutsch ist. Im Unterricht <em>Deutsch als Zweitsprache (DaZ)<\/em> werden Basiswissen und fortgeschrittene Kompetenzen in gesprochenem und geschriebenem Deutsch bis zu einem Niveau von B1 des Europ\u00e4ischen Referenzrahmens vermittelt.<\/p>\n\n\n\n<p>Das Ziel der Vorbereitungsklasse ist die Vorbereitung auf die Regelklasse der entsprechenden Altersstufe. Dies dauert, je nach Voraussetzungen und Lernfortschritt, etwa ein bis zwei Jahre. Am Ende der Zeit in der Vorbereitungsklasse wird eine Bildungsempfehlung f\u00fcr die weitere Schulzeit ausgesprochen, die verbindlich ist. Das kann bedeuten, dass der Sch\u00fcler \/ die Sch\u00fclerin weiter am Gymnasium bleibt oder an eine Realschule, eine Hauptschule oder an eine Gemeinschaftsschule wechselt.<\/p>\n\n\n\n<p>Auch nach der Integration in die Regelklasse soll sich Sprachf\u00f6rderung in Deutsch anschlie\u00dfen. Um das deutsche Abitur erfolgreich zu bestehen, sollten die Sch\u00fcler \u00fcber ein Sprachniveau von mindestens B2 bis C1 verf\u00fcgen.<\/p>\n\n\n\n<h2 class=\"wp-block-heading\">Aufnahme in die Vorbereitungsklasse<\/h2>\n\n\n\n<p>Wir nehmen Kinder ab der f\u00fcnften Klasse bis in die Mittelstufe auf. Wenn Sie aus dem Ausland nach Freiburg ziehen und ein passendes Gymnasium f\u00fcr Ihr Kind suchen, wenn Sie sich f\u00fcr die Internationale Vorbereitungsklasse interessieren, nehmen Sie per Email oder per Telefon Kontakt zu uns auf. Vereinbaren Sie mit Ihrem Kind einen Termin \u00fcber unser Sekretariat. Wir laden Sie gern zu einem Vorstellungstermin und ggf. zu Hospitationstagen ein. Bitte bringen Sie die letzten Zeugnisse, Ausweis und Geburtsurkunde des Kindes zum Gespr\u00e4chstermin mit.<\/p>\n\n\n\n<h2 class=\"wp-block-heading\">Curriculum und Stundenplan<\/h2>\n\n\n\n<p>Das Kultusministerium in Baden-W\u00fcrttemberg hat 2017 einen Orientierungsrahmen f\u00fcr Curricula der Vorbereitungsklasse f\u00fcr allgemeinbildende Schulen bereitgestellt. Er wurde von Experten aus Wissenschaft und Praxis erarbeitet und enth\u00e4lt Vorschl\u00e4ge f\u00fcr den Unterricht in Deutsch und Gesellschaftswissenschaften. Unser Unterricht orientiert sich daran.<\/p>\n\n\n\n<p>Am Berthold-Gymnasium erh\u00e4lt jeder Sch\u00fcler der VKL &nbsp;seinen individualisierten Stundenplan: Zum Unterricht in <em>Deutsch als Zweitsprache <\/em>in der VKL kommen auch die F\u00e4cher der Regelklasse (z.B. Sport, Mathe, Biologie, Kunst) hinzu. Das bedeutet, dass der Sch\u00fcler auch gemeinsam mit gleichaltrigen deutschen Muttersprachlern in seiner Bezugsklasse unterrichtet wird. Im Lauf der Zeit kommen mehr Stunden und mehr F\u00e4cher in der entsprechenden Regel- oder Bezugsklasse hinzu.<\/p>\n\n\n\n<h2 class=\"wp-block-heading\">Team VKL<\/h2>\n\n\n\n<p>Das Team der VKL umfasst neben professionellen Lehrkr\u00e4ften unseres Gymnasiums, die DaZ unterrichten, auch den Schulsozialarbeiter und viele ehrenamtliche Lern- und Hausaufgabenpaten. Zus\u00e4tzlich zum Unterricht gibt es gemeinsame Projekte und Ausfl\u00fcge, Veranstaltungen und Beratungsangebote, z.B. im Bereich der Pers\u00f6nlichkeitsentwicklung und der beruflichen Orientierung. Auf diese Weise werden die Kinder und Jugendlichen in der VKL optimal in ihrer neuen deutschen Schule gef\u00f6rdert und ihre Integration in ihre neue Heimat unterst\u00fctzt.<\/p>\n\n\n\n<h2 class=\"wp-block-heading\">Die Anf\u00e4nge unserer Vorbereitungsklasse:<\/h2>\n\n\n\n<p>Im Zusammenhang mit der Fluchtbewegung ab 2015 haben viele Schulen, darunter vier Gymnasien in Freiburg <em>Vorbereitungsklassen<\/em> eingerichtet. Die erste VKL am Berthold-Gymnasium bestand aus 24 Kindern und Jugendlichen aus Syrien, Afghanistan, dem Irak und der T\u00fcrkei. Mehrere Kinder haben wir &nbsp;zweitalphabetisiert, d.h. sie beherrschten die arabische Schrift und Farsi, sie lernten aber erstmals die lateinischen Schriftzeichen. Alle Familien waren vor Krieg und Krisen geflohen, die ihr Leben \u00fcber Jahre hinweg stark gepr\u00e4gt haben. Mit Beginn und im Verlauf des Ukrainekriegs seit Fr\u00fchjahr 2022 haben wir eine gr\u00f6\u00dfere Gruppe von ukrainischen Kindern aufgenommen.<\/p>\n\n\n\n<p>Die Schulleitung des BG hat sich freiwillig f\u00fcr die Einrichtung der Klasse entschieden und die Schulgemeinschaft hat die Aufnahme der jungen Menschen als humanit\u00e4re Aufgabe verstanden. Ihre schulische Bildung und Integration war, unerfahren wie wir waren, eine gr\u00f6\u00dfere Herausforderung, als wir ahnen konnten. Das Engagement der Lehrkr\u00e4fte, der deutschen Sch\u00fclerinnen und Sch\u00fcler und der Ehrenamtlichen, anfangs vermittelt durch den B\u00fcrgerverein Oberwiehre \/Waldsee, ging weit \u00fcber das zu erwartende Ma\u00df hinaus. Die Hingabe der Profis und der Freiwilligen, die sich um die VKL k\u00fcmmerten, war das Fundament f\u00fcr den gro\u00dfen gemeinsamen Erfolg: Die Sch\u00fclerinnen und Sch\u00fcler der VKL am BG konnten wieder einen strukturierten Alltag erleben, sie lernten Deutsch sprechen und schreiben, erfuhren Relevantes \u00fcber die deutsche Kultur, Gesellschaft und Politik. Und vielleicht das Wichtigste: Sie fanden Freunde und Vertraute, nennen Freiburg ihre neue Heimat. Einige \u00e4ltere Sch\u00fclerinnen und Sch\u00fcler haben ihre Schulausbildung an anderen berufsbildenden Schulen fortgesetzt. Im Sommer 2023 haben erstmals ehemalige Sch\u00fcler*innen der Vorbereitungsklasse ihr Abitur bei uns abgelegt. Wir sind sehr stolz auf alle jungen Menschen, die einen deutschen Schulabschluss in einer f\u00fcr sie fremden und neuen Sprache gemacht haben. &nbsp;<\/p>\n\n\n\n<h2 class=\"wp-block-heading\">Die Vorbereitungsklasse f\u00fcr die Zukunft<\/h2>\n\n\n\n<p>Anlass f\u00fcr die Einrichtung der VKL war eine Krisensituation. Im Lauf der letzten Jahre haben gute und tragf\u00e4hige Konzepte f\u00fcr den modernen DaZ-Unterricht entwickelt. Und wir wurden uns einig, dass eine Vorbereitungsklasse am Gymnasium in der deutschen Migrationsgesellschaft nicht nur ein Provisorium sein sollte, sondern als dauerhafte Einrichtung wichtig und sinnvoll ist. Denn die Deutschkenntnisse der Zuwanderer haben eine Schl\u00fcsselfunktion f\u00fcr ihre Integration und ihren erfolgreichen weiteren Lebensweg.&nbsp;<\/p>\n\n\n\n<p>So haben wir mit der internationalen Vorbereitungsklasse am Berthold-Gymnasium ein Angebot geschaffen, dass begabten jungen Menschen, deren Muttersprache nicht Deutsch ist, auch zuk\u00fcnftig eine gymnasiale Bildung und einen deutschen Hochschulabschluss erm\u00f6glichen soll.<\/p>\n\n\n\n<p>Sybille Buske<\/p>\n","protected":false},"excerpt":{"rendered":"<p>Das Angebot der internationalen Vorbereitungsklasse (VKL) am Berthold-Gymnasium richtet sich an Kinder und Jugendliche, deren Familien aus dem Ausland nach Freiburg ziehen oder die erst seit kurzer Zeit hier sind und gezielt nach einer gymnasialen Ausbildung f\u00fcr ihr Kind suchen. <\/p>\n","protected":false},"author":1,"featured_media":0,"comment_status":"closed","ping_status":"closed","sticky":false,"template":"","format":"standard","meta":{"_FSMCFIC_featured_image_caption":"","_FSMCFIC_featured_image_nocaption":"","_FSMCFIC_featured_image_hide":"","footnotes":""},"categories":[57],"tags":[],"class_list":["post-3489","post","type-post","status-publish","format-standard","hentry","category-vkl"],"publishpress_future_action":{"enabled":false,"date":"2026-05-06 10:40:34","action":"change-status","newStatus":"draft","terms":[],"taxonomy":"category","extraData":[]},"publishpress_future_workflow_manual_trigger":{"enabledWorkflows":[]},"_links":{"self":[{"href":"https:\/\/www.berthold-gymnasium.de\/index.php?rest_route=\/wp\/v2\/posts\/3489","targetHints":{"allow":["GET"]}}],"collection":[{"href":"https:\/\/www.berthold-gymnasium.de\/index.php?rest_route=\/wp\/v2\/posts"}],"about":[{"href":"https:\/\/www.berthold-gymnasium.de\/index.php?rest_route=\/wp\/v2\/types\/post"}],"author":[{"embeddable":true,"href":"https:\/\/www.berthold-gymnasium.de\/index.php?rest_route=\/wp\/v2\/users\/1"}],"replies":[{"embeddable":true,"href":"https:\/\/www.berthold-gymnasium.de\/index.php?rest_route=%2Fwp%2Fv2%2Fcomments&post=3489"}],"version-history":[{"count":4,"href":"https:\/\/www.berthold-gymnasium.de\/index.php?rest_route=\/wp\/v2\/posts\/3489\/revisions"}],"predecessor-version":[{"id":6987,"href":"https:\/\/www.berthold-gymnasium.de\/index.php?rest_route=\/wp\/v2\/posts\/3489\/revisions\/6987"}],"wp:attachment":[{"href":"https:\/\/www.berthold-gymnasium.de\/index.php?rest_route=%2Fwp%2Fv2%2Fmedia&parent=3489"}],"wp:term":[{"taxonomy":"category","embeddable":true,"href":"https:\/\/www.berthold-gymnasium.de\/index.php?rest_route=%2Fwp%2Fv2%2Fcategories&post=3489"},{"taxonomy":"post_tag","embeddable":true,"href":"https:\/\/www.berthold-gymnasium.de\/index.php?rest_route=%2Fwp%2Fv2%2Ftags&post=3489"}],"curies":[{"name":"wp","href":"https:\/\/api.w.org\/{rel}","templated":true}]}}