{"id":3572,"date":"2019-09-04T12:00:34","date_gmt":"2019-09-04T10:00:34","guid":{"rendered":"https:\/\/www.berthold-gymnasium.de\/?p=3572"},"modified":"2025-09-26T10:28:27","modified_gmt":"2025-09-26T08:28:27","slug":"berufsorientierung-am-berthold-gymnasium","status":"publish","type":"post","link":"https:\/\/www.berthold-gymnasium.de\/?p=3572","title":{"rendered":"Berufsorientierung am Berthold-Gymnasium"},"content":{"rendered":"\n<h2 class=\"wp-block-heading\">Was will ich werden? (BO\/BOGY)<\/h2>\n\n\n\n<p>Das Berthold-Gymnasium bietet ein umfassendes Programm zur Berufs- und Studienorientierung, stets in enger Kooperation mit unseren au\u00dferschulischen Partnern.<\/p>\n\n\n\n<p>Damit wird ein zentrales Thema aufgegriffen, das Sch\u00fclerinnen und Sch\u00fcler in steigender Intensit\u00e4t w\u00e4hrend des gesamten Schullebens begleitet. Die mit dem Bildungsplan 2016 eingef\u00fchrte \u201e<a href=\"http:\/\/www.bildungsplaene-bw.de\/,Lde\/Startseite\/BP2016BW_ALLG\/BP2016BW_ALLG_LP_BO\">Leitperspektive Berufliche Orientierung<\/a>\u201c sieht die Berufs- und Studienorientierung als kontinuierlichen Prozess in allen F\u00e4chern und allen Klassenstufen vor. Um diesem Anspruch gerecht zu werden, setzen wir immer wieder Schwerpunkte, machen Angebote, erm\u00f6glichen Erfahrungen, laden Experten ein oder besuchen Orte, die unseren Sch\u00fclerinnen und Sch\u00fclern, ausgehend von der Entwicklung individueller Interessen, Kompetenzen und Fertigkeiten, einen eigenverantwortlichen und erfolgreichen \u00dcbergang von Schule zu Studium oder Beruf erm\u00f6glichen sollen.<\/p>\n\n\n\n<p>Im Folgenden m\u00f6chten wir Ihnen einen Einblick in unser schulspezifisches Programmangebot zur beruflichen Orientierung geben:<\/p>\n\n\n\n<ul class=\"wp-block-list\">\n<li><a href=\"https:\/\/www.berthold-gymnasium.de\/wp-content\/uploads\/2019\/10\/BOGY_Konzept_5bis10.pdf\">Berufsorientierung Klassen 5-10<\/a><\/li>\n\n\n\n<li><a href=\"https:\/\/www.berthold-gymnasium.de\/wp-content\/uploads\/2019\/09\/BOGY-Konzept-Kursstufe-END.pdf\">Berufs- und Studienorientierung Kursstufe 1 und 2<\/a><\/li>\n<\/ul>\n\n\n\n<h3 class=\"wp-block-heading\">Ansprechpartner<\/h3>\n\n\n\n<ul class=\"wp-block-list\">\n<li>Frau Linda Geyer, BO-Koordination am BG:<br><a class=\"\" href=\"mailto:linda.geyer@berthold-gymnasium.de\">linda.geyer@berthold-gymnasium.de<\/a><\/li>\n\n\n\n<li>Herr Daniel Keller, Berufsberater der Arbeitsagentur:<br><a href=\"mailto:daniel.keller@arbeitsagentur.de\">daniel.keller@arbeitsagentur.de<\/a><\/li>\n<\/ul>\n\n\n\n<h3 class=\"wp-block-heading\">Schulinterne Dokumente zum Download<\/h3>\n\n\n\n<h4 class=\"wp-block-heading\">Klasse 9<\/h4>\n\n\n\n<ul class=\"wp-block-list\">\n<li><a href=\"https:\/\/www.berthold-gymnasium.de\/wp-content\/uploads\/2025\/09\/9BOGY-Elternbrief2.pdf\">Elternbrief<\/a><\/li>\n\n\n\n<li><a href=\"https:\/\/www.berthold-gymnasium.de\/wp-content\/uploads\/2025\/09\/9Terminuebersicht.pdf\">Termin\u00fcbersicht 2025\/26<\/a><\/li>\n\n\n\n<li><a href=\"https:\/\/www.berthold-gymnasium.de\/wp-content\/uploads\/2025\/09\/9BOGY_Zustimmungserklaerung.pdf\">Einverst\u00e4ndniserkl\u00e4rung der Eltern\/Versicherungsnachweis<\/a><\/li>\n\n\n\n<li><a href=\"https:\/\/www.berthold-gymnasium.de\/wp-content\/uploads\/2025\/09\/9Bogy_Anschreiben_Betriebe.pdf\">Anschreiben Betriebe<\/a><\/li>\n\n\n\n<li><a href=\"https:\/\/www.berthold-gymnasium.de\/wp-content\/uploads\/2025\/09\/9BOGY_Anmeldebogen.pdf\">Anmeldung der Praktikumsstelle<\/a><\/li>\n\n\n\n<li><a href=\"https:\/\/www.berthold-gymnasium.de\/wp-content\/uploads\/2025\/09\/Anleitung-Bogybericht-2025-2026.pdf\">Anleitung Praktikumsbericht<\/a><\/li>\n<\/ul>\n\n\n\n<p><\/p>\n\n\n\n<h4 class=\"wp-block-heading\">Kurssstufe 1<\/h4>\n\n\n\n<ul class=\"wp-block-list\">\n<li><a href=\"https:\/\/www.berthold-gymnasium.de\/wp-content\/uploads\/2024\/10\/Terminuebersicht-Kursstufe-2024-25.pdf\">Termin\u00fcbersicht 2024\/25<\/a><\/li>\n<\/ul>\n\n\n\n<h3 class=\"wp-block-heading\">Kooperationspartner<\/h3>\n\n\n\n<ul class=\"wp-block-list\">\n<li>Bundesagentur f\u00fcr Arbeit Freiburg<\/li>\n\n\n\n<li>Deutsche Bank Freiburg<\/li>\n\n\n\n<li>Trumpf H\u00fcttinger GmbH<\/li>\n\n\n\n<li>IHK Freiburg<\/li>\n\n\n\n<li><a href=\"http:\/\/www.studium.uni-freiburg.de\/de\/beratung\">Studienberatung der Uni Freiburg<\/a><\/li>\n\n\n\n<li><a href=\"https:\/\/www.studienbotschafter.de\">Studienbotschafter des Landes Baden-W\u00fcrttemberg<\/a><\/li>\n\n\n\n<li><a href=\"http:\/\/www.campusnah.com\">campusnah e.V.<\/a><\/li>\n<\/ul>\n\n\n\n<h3 class=\"wp-block-heading\">Weiterf\u00fchrende Links<\/h3>\n\n\n\n<ul class=\"wp-block-list\">\n<li><a href=\"https:\/\/www.schule-bw.de\/themen-und-impulse\/leitperspektiven\/berufliche-orientierung\">Landesbildungsserver zum Thema Berufsorientierung<\/a><\/li>\n\n\n\n<li><a href=\"http:\/\/bo-bw.de\/,Lde\/Startseite\">Seite des Kultusministeriums zur Berufsorientierung<\/a><\/li>\n<\/ul>\n","protected":false},"excerpt":{"rendered":"<p>Was will ich werden?<br \/>\nDie Studien-und Berufsorientierung ist keine einmalige Veranstaltung, sondern ein fortdauernder Prozess. Mit unserem Angebot m\u00f6chten wir unsere Sch\u00fclerinnen und Sch\u00fcler auf ihrem Weg in die Zeit nach der Schule begleiten, anregen und unterst\u00fctzen.<\/p>\n","protected":false},"author":1,"featured_media":3570,"comment_status":"closed","ping_status":"closed","sticky":false,"template":"","format":"standard","meta":{"_FSMCFIC_featured_image_caption":"","_FSMCFIC_featured_image_nocaption":"","_FSMCFIC_featured_image_hide":"","footnotes":""},"categories":[45],"tags":[],"class_list":["post-3572","post","type-post","status-publish","format-standard","has-post-thumbnail","hentry","category-berufsorientierung"],"publishpress_future_action":{"enabled":false,"date":"2026-05-06 10:42:18","action":"change-status","newStatus":"draft","terms":[],"taxonomy":"category","extraData":[]},"publishpress_future_workflow_manual_trigger":{"enabledWorkflows":[]},"_links":{"self":[{"href":"https:\/\/www.berthold-gymnasium.de\/index.php?rest_route=\/wp\/v2\/posts\/3572","targetHints":{"allow":["GET"]}}],"collection":[{"href":"https:\/\/www.berthold-gymnasium.de\/index.php?rest_route=\/wp\/v2\/posts"}],"about":[{"href":"https:\/\/www.berthold-gymnasium.de\/index.php?rest_route=\/wp\/v2\/types\/post"}],"author":[{"embeddable":true,"href":"https:\/\/www.berthold-gymnasium.de\/index.php?rest_route=\/wp\/v2\/users\/1"}],"replies":[{"embeddable":true,"href":"https:\/\/www.berthold-gymnasium.de\/index.php?rest_route=%2Fwp%2Fv2%2Fcomments&post=3572"}],"version-history":[{"count":5,"href":"https:\/\/www.berthold-gymnasium.de\/index.php?rest_route=\/wp\/v2\/posts\/3572\/revisions"}],"predecessor-version":[{"id":8081,"href":"https:\/\/www.berthold-gymnasium.de\/index.php?rest_route=\/wp\/v2\/posts\/3572\/revisions\/8081"}],"wp:featuredmedia":[{"embeddable":true,"href":"https:\/\/www.berthold-gymnasium.de\/index.php?rest_route=\/wp\/v2\/media\/3570"}],"wp:attachment":[{"href":"https:\/\/www.berthold-gymnasium.de\/index.php?rest_route=%2Fwp%2Fv2%2Fmedia&parent=3572"}],"wp:term":[{"taxonomy":"category","embeddable":true,"href":"https:\/\/www.berthold-gymnasium.de\/index.php?rest_route=%2Fwp%2Fv2%2Fcategories&post=3572"},{"taxonomy":"post_tag","embeddable":true,"href":"https:\/\/www.berthold-gymnasium.de\/index.php?rest_route=%2Fwp%2Fv2%2Ftags&post=3572"}],"curies":[{"name":"wp","href":"https:\/\/api.w.org\/{rel}","templated":true}]}}