{"id":4033,"date":"2019-12-26T20:07:47","date_gmt":"2019-12-26T19:07:47","guid":{"rendered":"https:\/\/www.berthold-gymnasium.de\/?p=4033"},"modified":"2024-12-03T17:29:54","modified_gmt":"2024-12-03T16:29:54","slug":"fotopreis-der-badischen-zeitung-fuer-den-leistungskurs-kunst-am-berthold-gymnasium","status":"publish","type":"post","link":"https:\/\/www.berthold-gymnasium.de\/?p=4033","title":{"rendered":"Fotopreis der Badischen Zeitung f\u00fcr den Leistungskurs Kunst am Berthold-Gymnasium"},"content":{"rendered":"\n<p>Beim diesj\u00e4hrigen Freiburger Jugendfotopreis waren Sch\u00fclerInnen des Leistungskurses Kunst, der als Kooperation mit Sch\u00fcler\/Innen des Rotteck-Gymnasiums am Berthold-Gymnasiums l\u00e4uft, \u00fcberaus erfolgreich. Sie hatten zum Thema \u201eZuhause\u201c ihre Ideen und Eindr\u00fccke auf Fotos festgehalten und beim Wettbewerb eingereicht.<\/p>\n\n\n\n<p>Der gesamte Leistungskurs Kunst erhielt den Sonderpreis der Badischen Zeitung und damit einen Workshop mit dem Fotojournalisten Michael Bamberger. Vier Sch\u00fclerInnen erhielten zudem als Gruppe den Preis der Volksbank Freiburg. Sie d\u00fcrfen den Fotografen Klaus Polkowski bei dem Dokumentaionsprojekt auf der Baustelle der Volksbank Freiburg begleiten.<\/p>\n\n\n\n<p>Die Ausstellung im Alten Wiehrebahnhof ist noch bis 31.12.2019 zu sehen und wird anschlie\u00dfend w\u00e4hrend der Mundologia im Konzerthaus Freiburg pr\u00e4sentiert.<\/p>\n\n\n\n<figure class=\"wp-block-image size-large\"><img loading=\"lazy\" decoding=\"async\" width=\"1024\" height=\"768\" src=\"https:\/\/www.berthold-gymnasium.de\/wp-content\/uploads\/2019\/12\/zuhause-schwarz-wei\u00df-web.jpg\" alt=\"\" class=\"wp-image-4031\" srcset=\"https:\/\/www.berthold-gymnasium.de\/wp-content\/uploads\/2019\/12\/zuhause-schwarz-wei\u00df-web.jpg 1024w, https:\/\/www.berthold-gymnasium.de\/wp-content\/uploads\/2019\/12\/zuhause-schwarz-wei\u00df-web-300x225.jpg 300w, https:\/\/www.berthold-gymnasium.de\/wp-content\/uploads\/2019\/12\/zuhause-schwarz-wei\u00df-web-200x150.jpg 200w, https:\/\/www.berthold-gymnasium.de\/wp-content\/uploads\/2019\/12\/zuhause-schwarz-wei\u00df-web-768x576.jpg 768w\" sizes=\"auto, (max-width: 1024px) 100vw, 1024px\" \/><\/figure>\n","protected":false},"excerpt":{"rendered":"<p>Beim diesj\u00e4hrigen Freiburger Jugendfotopreis waren Sch\u00fclerInnen des Leistungskurses Kunst, der als Kooperation mit Sch\u00fcler\/Innen des Rotteck-Gymnasiums am Berthold-Gymnasiums l\u00e4uft, \u00fcberaus erfolgreich. Sie hatten zum Thema \u201eZuhause\u201c ihre Ideen und Eindr\u00fccke auf Fotos festgehalten und beim Wettbewerb eingereicht. Der gesamte Leistungskurs Kunst erhielt den Sonderpreis der Badischen Zeitung und damit einen Workshop mit dem Fotojournalisten Michael [&hellip;]<\/p>\n","protected":false},"author":1,"featured_media":4032,"comment_status":"closed","ping_status":"closed","sticky":false,"template":"","format":"standard","meta":{"_FSMCFIC_featured_image_caption":"","_FSMCFIC_featured_image_nocaption":"","_FSMCFIC_featured_image_hide":"","footnotes":""},"categories":[89,30],"tags":[],"class_list":["post-4033","post","type-post","status-publish","format-standard","has-post-thumbnail","hentry","category-kunst","category-newsarchiv"],"publishpress_future_action":{"enabled":false,"date":"2026-05-08 11:59:38","action":"change-status","newStatus":"draft","terms":[],"taxonomy":"category","extraData":[]},"publishpress_future_workflow_manual_trigger":{"enabledWorkflows":[]},"_links":{"self":[{"href":"https:\/\/www.berthold-gymnasium.de\/index.php?rest_route=\/wp\/v2\/posts\/4033","targetHints":{"allow":["GET"]}}],"collection":[{"href":"https:\/\/www.berthold-gymnasium.de\/index.php?rest_route=\/wp\/v2\/posts"}],"about":[{"href":"https:\/\/www.berthold-gymnasium.de\/index.php?rest_route=\/wp\/v2\/types\/post"}],"author":[{"embeddable":true,"href":"https:\/\/www.berthold-gymnasium.de\/index.php?rest_route=\/wp\/v2\/users\/1"}],"replies":[{"embeddable":true,"href":"https:\/\/www.berthold-gymnasium.de\/index.php?rest_route=%2Fwp%2Fv2%2Fcomments&post=4033"}],"version-history":[{"count":1,"href":"https:\/\/www.berthold-gymnasium.de\/index.php?rest_route=\/wp\/v2\/posts\/4033\/revisions"}],"predecessor-version":[{"id":4034,"href":"https:\/\/www.berthold-gymnasium.de\/index.php?rest_route=\/wp\/v2\/posts\/4033\/revisions\/4034"}],"wp:featuredmedia":[{"embeddable":true,"href":"https:\/\/www.berthold-gymnasium.de\/index.php?rest_route=\/wp\/v2\/media\/4032"}],"wp:attachment":[{"href":"https:\/\/www.berthold-gymnasium.de\/index.php?rest_route=%2Fwp%2Fv2%2Fmedia&parent=4033"}],"wp:term":[{"taxonomy":"category","embeddable":true,"href":"https:\/\/www.berthold-gymnasium.de\/index.php?rest_route=%2Fwp%2Fv2%2Fcategories&post=4033"},{"taxonomy":"post_tag","embeddable":true,"href":"https:\/\/www.berthold-gymnasium.de\/index.php?rest_route=%2Fwp%2Fv2%2Ftags&post=4033"}],"curies":[{"name":"wp","href":"https:\/\/api.w.org\/{rel}","templated":true}]}}