{"id":4330,"date":"2020-10-06T17:38:03","date_gmt":"2020-10-06T15:38:03","guid":{"rendered":"https:\/\/www.berthold-gymnasium.de\/?p=4330"},"modified":"2020-10-06T17:38:03","modified_gmt":"2020-10-06T15:38:03","slug":"nobelpreis-fuer-physik-2020-das-bg-gratuliert-reinhard-genzel","status":"publish","type":"post","link":"https:\/\/www.berthold-gymnasium.de\/?p=4330","title":{"rendered":"Nobelpreis f\u00fcr Physik 2020 \u2013 Das BG gratuliert Reinhard Genzel"},"content":{"rendered":"\n<p>Diese besondere Auszeichnung erh\u00e4lt der Astrophysiker f\u00fcr seine bahnbrechenden Studien \u00fcber Schwarze L\u00f6cher. Er ist Direktor am Max-Planck-Institut f\u00fcr extraterrestrische Physik in Garching und hat gemeinsam mit seinen Kollegen Andrea Ghez und Roger Penrose Licht ins Dunkel der Schwarzen L\u00f6cher gebracht.<\/p>\n\n\n\n<!--more-->\n\n\n\n<p>Genzel und Ghez, so das Nobelpreis-Komitee in Stockholm in seiner Begr\u00fcndung, h\u00e4tten Methoden entwickelt, um durch interstellares Gas und Staub zum Zentrum der Milchstra\u00dfe zu sehen. &#8222;Sie haben die Grenzen der Technik erweitert und neue Techniken verfeinert, um Verzerrungen durch die Erdatmosph\u00e4re auszugleichen, einzigartige Instrumente zu bauen und sich der langfristigen Forschung zu widmen&#8220;, schreibt das Nobelpreis-Komitee.<br>Professor Genzel hat sein Abitur 1970 am Berthold-Gymnasium gemacht. Die Saarbr\u00fccker Zeitung schreibt \u00fcber seine Kinder- und Jugendjahre: \u201eGenzel wird am 24. M\u00e4rz 1952 im hessischen Bad Homburg geboren. In Freiburg geht er aufs Gymnasium, ein humanistisches, wie er 2008 anl\u00e4sslich der Verleihung des Shaw-Preises schreibt. Er lernt Latein und Griechisch: \u201eVielleicht hat mich das zu einem lebenslangen Interesse an Geschichte und Arch\u00e4ologie gef\u00fchrt.\u201c Sein Vater sei ein experimenteller Festk\u00f6rperphysiker gewesen, \u201eund ich habe den gr\u00f6\u00dften Teil meiner fr\u00fchen Physik von ihm gelernt\u201c.<br><a href=\"https:\/\/www.saarbruecker-zeitung.de\/nachrichten\/panorama\/reinhard-genzel-vom-speerwerfer-zum-nobelpreistraeger-fuer-physik_aid-53886499\">https:\/\/www.saarbruecker-zeitung.de\/nachrichten\/panorama\/reinhard-genzel-vom-speerwerfer-zum-nobelpreistraeger-fuer-physik_aid-53886499<\/a><\/p>\n","protected":false},"excerpt":{"rendered":"<p>Diese besondere Auszeichnung erh\u00e4lt der Astrophysiker f\u00fcr seine bahnbrechenden Studien \u00fcber Schwarze L\u00f6cher. Er ist Direktor am Max-Planck-Institut f\u00fcr extraterrestrische Physik in Garching und hat gemeinsam mit seinen Kollegen Andrea Ghez und Roger Penrose Licht ins Dunkel der Schwarzen L\u00f6cher gebracht.<\/p>\n","protected":false},"author":1,"featured_media":0,"comment_status":"closed","ping_status":"closed","sticky":false,"template":"","format":"standard","meta":{"_FSMCFIC_featured_image_caption":"","_FSMCFIC_featured_image_nocaption":"","_FSMCFIC_featured_image_hide":"","footnotes":""},"categories":[1,29],"tags":[],"class_list":["post-4330","post","type-post","status-publish","format-standard","hentry","category-allgemein","category-startseite"],"publishpress_future_action":{"enabled":false,"date":"2026-05-09 12:28:09","action":"change-status","newStatus":"draft","terms":[],"taxonomy":"category","extraData":[]},"publishpress_future_workflow_manual_trigger":{"enabledWorkflows":[]},"_links":{"self":[{"href":"https:\/\/www.berthold-gymnasium.de\/index.php?rest_route=\/wp\/v2\/posts\/4330","targetHints":{"allow":["GET"]}}],"collection":[{"href":"https:\/\/www.berthold-gymnasium.de\/index.php?rest_route=\/wp\/v2\/posts"}],"about":[{"href":"https:\/\/www.berthold-gymnasium.de\/index.php?rest_route=\/wp\/v2\/types\/post"}],"author":[{"embeddable":true,"href":"https:\/\/www.berthold-gymnasium.de\/index.php?rest_route=\/wp\/v2\/users\/1"}],"replies":[{"embeddable":true,"href":"https:\/\/www.berthold-gymnasium.de\/index.php?rest_route=%2Fwp%2Fv2%2Fcomments&post=4330"}],"version-history":[{"count":1,"href":"https:\/\/www.berthold-gymnasium.de\/index.php?rest_route=\/wp\/v2\/posts\/4330\/revisions"}],"predecessor-version":[{"id":4331,"href":"https:\/\/www.berthold-gymnasium.de\/index.php?rest_route=\/wp\/v2\/posts\/4330\/revisions\/4331"}],"wp:attachment":[{"href":"https:\/\/www.berthold-gymnasium.de\/index.php?rest_route=%2Fwp%2Fv2%2Fmedia&parent=4330"}],"wp:term":[{"taxonomy":"category","embeddable":true,"href":"https:\/\/www.berthold-gymnasium.de\/index.php?rest_route=%2Fwp%2Fv2%2Fcategories&post=4330"},{"taxonomy":"post_tag","embeddable":true,"href":"https:\/\/www.berthold-gymnasium.de\/index.php?rest_route=%2Fwp%2Fv2%2Ftags&post=4330"}],"curies":[{"name":"wp","href":"https:\/\/api.w.org\/{rel}","templated":true}]}}