{"id":4530,"date":"2021-01-25T09:03:16","date_gmt":"2021-01-25T08:03:16","guid":{"rendered":"https:\/\/www.berthold-gymnasium.de\/?p=4530"},"modified":"2023-12-01T11:05:36","modified_gmt":"2023-12-01T10:05:36","slug":"faq","status":"publish","type":"post","link":"https:\/\/www.berthold-gymnasium.de\/?p=4530","title":{"rendered":"FAQ"},"content":{"rendered":"\n<p>Stand: 22.11.2022<\/p>\n\n\n\n<h3 class=\"wp-block-heading\">Warum soll ich mich f\u00fcr das Berthold-Gymnasium entscheiden?<\/h3>\n\n\n\n<p>F\u00fcr das BG gibt es viele gute Gr\u00fcnde. Das BG ist eine gute Wahl f\u00fcr dich,<\/p>\n\n\n\n<ul class=\"wp-block-list\">\n<li>wenn du dich in einer kleinen Schule mit famili\u00e4rer Atmosph\u00e4re wohlf\u00fchlst,<\/li>\n\n\n\n<li>wenn du gern Sprachen lernst<\/li>\n\n\n\n<li>wenn du gern experimentierst und an Problemen knobelst, auch am Computer (Basis- und Aufbaukurs Informatik, IMP)<\/li>\n\n\n\n<li>wenn du gern drinnen und drau\u00dfen auf unseren sch\u00f6nen Sportanlagen an der Dreisam Sport machst und Lust auf Skifahren hast<\/li>\n\n\n\n<li>wenn Du Spa\u00df an Theaterspielen und Musizieren hast<\/li>\n\n\n\n<li>wenn f\u00fcr dich Schule mehr als Unterricht bedeutet und du das BG als Ort erleben m\u00f6chtest, an dem du dich pers\u00f6nlich entfalten kannst<\/li>\n<\/ul>\n\n\n\n<h3 class=\"wp-block-heading\">Wie sind die Chancen am BG aufgenommen zu werden?<\/h3>\n\n\n\n<p>Gut. Wir k\u00f6nnen im n\u00e4chsten Schuljahr wieder drei Klassen bilden, also maximal 90 Kinder aufnehmen. Wir hoffen, dass wir niemanden ablehnen m\u00fcssen.<\/p>\n\n\n\n<h3 class=\"wp-block-heading\">Welche Kriterien sind f\u00fcr die Aufnahme wichtig?<\/h3>\n\n\n\n<p>Wahl der ersten Fremdsprache, Geschwisterkinder an der Schule, Entfernung zwischen Schule und Elternhaus<\/p>\n\n\n\n<h3 class=\"wp-block-heading\">Wie geht es weiter, wenn der Aufnahmeantrag doch abgelehnt wird?<\/h3>\n\n\n\n<p>Die Schule pr\u00fcft jeden einzelnen Antrag. Wenn es mehr Antr\u00e4ge als Pl\u00e4tze g\u00e4be, m\u00fcssten wir einzelne Kinder abweisen. Dann kann die Familie das Kind an einer anderen Schule anmelden, die noch Pl\u00e4tze frei hat. Die Schulbeh\u00f6rde weist dem Kind keinen Platz zu.<\/p>\n\n\n\n<h3 class=\"wp-block-heading\">Wie gro\u00df sind die Klassen?<\/h3>\n\n\n\n<p>Das h\u00e4ngt von der Anmeldezahl ab. Es sind max. 30 Kinder in einer Klasse.<\/p>\n\n\n\n<h3 class=\"wp-block-heading\">Wie werden die Klassen zusammengesetzt?<\/h3>\n\n\n\n<p>In der Regel sind Kinder mit derselben ersten Fremdsprache in einer Klasse, also \u201eLateinklassen\u201c und \u201eEnglischklassen\u201c. In einigen Jahren haben wir auch gemischt. Jedes Kind darf sich immer ein bis zwei Freunde w\u00fcnschen. Wir schauen auch nach Nachbarschaften. Ein ausgeglichenes Verh\u00e4ltnis von M\u00e4dchen und Jungen wird angestrebt.<\/p>\n\n\n\n<h3 class=\"wp-block-heading\">Welche F\u00e4cher werden in der f\u00fcnften Klasse unterrichtet, mit wie viel Stunden, wie viel insgesamt?<\/h3>\n\n\n\n<figure class=\"wp-block-table is-style-stripes\"><table><tbody><tr><td>Deutsch mit Freiarbeit<\/td><td>5<\/td><\/tr><tr><td>Mathematik<\/td><td>4<\/td><\/tr><tr><td>Erste Fremdsprache:<br>Englisch oder Latein mit Freiarbeit<\/td><td>5<\/td><\/tr><tr><td>Sport incl. Schwimmen<\/td><td>4<\/td><\/tr><tr><td>Biologie-Naturph\u00e4nomene-Technik<\/td><td>3<\/td><\/tr><tr><td>Erdkunde<\/td><td>2<\/td><\/tr><tr><td>Musik<\/td><td>2<\/td><\/tr><tr><td>Kunst<\/td><td>2<\/td><\/tr><tr><td>Klassenrat<\/td><td>1<\/td><\/tr><tr><td>Konfessionell-kooperativer Religionsunterricht oder Ethik<\/td><td>2<\/td><\/tr><tr><td><strong>Wochenstunden insgesamt<\/strong><\/td><td><strong>30<\/strong><\/td><\/tr><\/tbody><\/table><\/figure>\n\n\n\n<h3 class=\"wp-block-heading\">Wann beginnt, wann endet der Schultag?<\/h3>\n\n\n\n<p>Die erste Stunde beginnt um 7.45 Uhr, die sechste Stunde endet um 12:55 Uhr. Es gibt zwei gro\u00dfe Pausen am Vormittag. Die Mittagspause dauert von 12:55 bis 14 Uhr.<\/p>\n\n\n\n<h3 class=\"wp-block-heading\">Kann man in der Schule ein warmes Mittagessen bekommen?<\/h3>\n\n\n\n<p>Ja, in der sch\u00f6nen Mensa kann man zwischen mehreren Men\u00fcs, auch vegetarisch, w\u00e4hlen.<\/p>\n\n\n\n<h3 class=\"wp-block-heading\">Nachmittagsbetreuung \u2013 Berthold-Plus: Ist das freiwillig?<\/h3>\n\n\n\n<p>Ja, die Betreuung ist freiwillig und flexibel zu nutzen, sie kosten 46 Euro pro Monat. Daf\u00fcr wird sie t\u00e4glich von 14 bis 16.30 Uhr angeboten.<\/p>\n\n\n\n<h3 class=\"wp-block-heading\">Wie viel Pl\u00e4tze gibt es in der Betreuung und wie werden die Pl\u00e4tze vergeben?<\/h3>\n\n\n\n<p>Wir k\u00f6nnen drei Gruppen anbieten, die 5er Anmeldungen werden bevorzugt ber\u00fccksichtigt. Unter den Familien haben Alleinerziehende und Familien mit zwei berufst\u00e4tigen Eltern den Vorrang.<\/p>\n\n\n\n<h3 class=\"wp-block-heading\">Wie unterst\u00fctzt die Schule das Einleben?<\/h3>\n\n\n\n<p>In den ersten Tagen lernen die Kinder ihre Lehrer*innen und Schulhaus kennen. Das Klassenleitungsteam macht Einf\u00fchrungstage zum gegenseitigen Kennenlernen und Lernmethoden.<\/p>\n\n\n\n<h3 class=\"wp-block-heading\">Wann werden die Fremdsprachen gew\u00e4hlt und wie lange werden sie belegt?<\/h3>\n\n\n\n<p>Am Gymnasium lernen alle Kinder zwei Fremdsprachen: Die erste Fremdsprache beginnt in der 5. Klasse (Latein oder Englisch), die zweite in der 6. Klasse (Englisch oder Latein).<br>Die dritte Fremdsprache kann in der achten Klasse gew\u00e4hlt werden (Griechisch oder Franz\u00f6sisch.) Die Fremdsprachen m\u00fcssen bis zum Ende der 10. Klasse belegt werden.<br>In der 10. Klasse kann man eine vierte Fremdsprache w\u00e4hlen: Franz\u00f6sisch oder Italienisch, Fortsetzung in der Kursstufe als \u201eWahlfach\u201c m\u00f6glich.<\/p>\n\n\n\n<h3 class=\"wp-block-heading\">Werden die Klassen bei der Profilwahl in der achten Klasse neu zusammengesetzt?<\/h3>\n\n\n\n<p>Die Kinder bleiben von Klasse 5 bis 10 im selben Klassenverband, wir bilden f\u00fcr die Profilf\u00e4cher Griechisch, Franz\u00f6sisch und IMP drei Kurse, das kennen die Kinder schon aus Sport und Religion\/Ethik.<\/p>\n\n\n\n<h3 class=\"wp-block-heading\">Kann man die Profilf\u00e4cher auch in der Kursstufe belegen?<\/h3>\n\n\n\n<p>Grunds\u00e4tzlich bieten wir Griechisch und Franz\u00f6sischkurse an, Informatik soll es zuk\u00fcnftig als Basiskurs geben, Mathe und Physik werden bereits als Basis- und Leistungskurse angeboten.<\/p>\n\n\n\n<h3 class=\"wp-block-heading\">Wie sieht es mit der digitalen Ausstattung der Schule aus?<\/h3>\n\n\n\n<p>Aktuell werden alle Klassenr\u00e4ume mit digitalen Tafeln und Apple-TV ausgestattet. Die Lehrkr\u00e4fte nutzen I-Pads f\u00fcr den Unterricht. Wir haben zwei Computerr\u00e4ume. Bis 2023 ist das BG komplett mit LAN und W-LAN ausgestattet.<\/p>\n\n\n\n<h3 class=\"wp-block-heading\">Wie wird die der Digitalisierung des Lernens gestaltet?<\/h3>\n\n\n\n<p>Wir nutzen BigBlueButton f\u00fcr den videogest\u00fctzten Unterricht und EduPage als digitales Klassenbuch, Messenger und Lernplattform. Damit machen wir sehr gute Erfahrungen. Die Medienerziehung umfasst den Medienbasiskurs in Klasse 5, fach\u00fcbergreifendes Lernen mit und \u00fcber Medien, sowie Pr\u00e4ventionsprogramme zu wichtigen Themen wie die kontrollierte Mediennutzung und Cybermobbing.<\/p>\n\n\n\n<h3 class=\"wp-block-heading\">Wie viele Kinder wiederholen die Klasse?<\/h3>\n\n\n\n<p>Freiwillige und notwendige Wiederholungen kommen hin und wieder vor. Wir beraten Eltern und Kinder, was f\u00fcr sie sinnvoll ist. Manchmal wechseln Kinder auch die Schule. Wir nehmen auch in den anderen Jahrg\u00e4ngen Kinder auf, wenn Schulpl\u00e4tze frei sind.<\/p>\n\n\n\n<h3 class=\"wp-block-heading\">Wie wird das BG saniert und wann sind die Arbeiten abgeschlossen?<\/h3>\n\n\n\n<p>Das 1958 erbaute Schulgeb\u00e4ude des BG wurde in den vergangenen zwei Jahren komplett energetisch saniert. Wir habe neue Fenster bekommen, die Fassade wurde saniert und die Sanit\u00e4ranlagen wurden komplett erneuert.<\/p>\n\n\n\n<h3 class=\"wp-block-heading\">Wird das BG erweitert?<\/h3>\n\n\n\n<p>Mittelfristig ist die Erweiterung der Schule um zwei Z\u00fcge, d.h. um zwei Klassen vorgesehen. Hierzu gibt es einen Grundsatzbeschluss des Gemeinderats von 2019. Konkrete Planungen zum Standort und dem Baubeginn gibt es noch nicht. Wir sehen die Erweiterung als eine gute Chance f\u00fcr Weiterentwicklung bestehender Profile und moderner Lernumgebungen.<\/p>\n\n\n\n<p>hier geht es zu unserem Schulflyer: <a href=\"https:\/\/www.berthold-gymnasium.de\/?p=2610\">https:\/\/www.berthold-gymnasium.de\/?p=2610<\/a><\/p>\n\n\n\n<p><\/p>\n","protected":false},"excerpt":{"rendered":"<p>Wichtige Fragen zur Anmeldung, zur Aufnahme am BG, zum Schulalltag in der 5. Klasse und zu aktuellen Themen<\/p>\n","protected":false},"author":1,"featured_media":6160,"comment_status":"closed","ping_status":"closed","sticky":false,"template":"","format":"standard","meta":{"_FSMCFIC_featured_image_caption":"","_FSMCFIC_featured_image_nocaption":"","_FSMCFIC_featured_image_hide":"","footnotes":""},"categories":[29,55],"tags":[],"class_list":["post-4530","post","type-post","status-publish","format-standard","has-post-thumbnail","hentry","category-startseite","category-informationen-fuer-grundschueler"],"publishpress_future_action":{"enabled":false,"date":"2026-05-06 13:58:52","action":"change-status","newStatus":"draft","terms":[],"taxonomy":"category","extraData":[]},"publishpress_future_workflow_manual_trigger":{"enabledWorkflows":[]},"_links":{"self":[{"href":"https:\/\/www.berthold-gymnasium.de\/index.php?rest_route=\/wp\/v2\/posts\/4530","targetHints":{"allow":["GET"]}}],"collection":[{"href":"https:\/\/www.berthold-gymnasium.de\/index.php?rest_route=\/wp\/v2\/posts"}],"about":[{"href":"https:\/\/www.berthold-gymnasium.de\/index.php?rest_route=\/wp\/v2\/types\/post"}],"author":[{"embeddable":true,"href":"https:\/\/www.berthold-gymnasium.de\/index.php?rest_route=\/wp\/v2\/users\/1"}],"replies":[{"embeddable":true,"href":"https:\/\/www.berthold-gymnasium.de\/index.php?rest_route=%2Fwp%2Fv2%2Fcomments&post=4530"}],"version-history":[{"count":4,"href":"https:\/\/www.berthold-gymnasium.de\/index.php?rest_route=\/wp\/v2\/posts\/4530\/revisions"}],"predecessor-version":[{"id":6134,"href":"https:\/\/www.berthold-gymnasium.de\/index.php?rest_route=\/wp\/v2\/posts\/4530\/revisions\/6134"}],"wp:featuredmedia":[{"embeddable":true,"href":"https:\/\/www.berthold-gymnasium.de\/index.php?rest_route=\/wp\/v2\/media\/6160"}],"wp:attachment":[{"href":"https:\/\/www.berthold-gymnasium.de\/index.php?rest_route=%2Fwp%2Fv2%2Fmedia&parent=4530"}],"wp:term":[{"taxonomy":"category","embeddable":true,"href":"https:\/\/www.berthold-gymnasium.de\/index.php?rest_route=%2Fwp%2Fv2%2Fcategories&post=4530"},{"taxonomy":"post_tag","embeddable":true,"href":"https:\/\/www.berthold-gymnasium.de\/index.php?rest_route=%2Fwp%2Fv2%2Ftags&post=4530"}],"curies":[{"name":"wp","href":"https:\/\/api.w.org\/{rel}","templated":true}]}}