{"id":4634,"date":"2021-06-22T10:11:24","date_gmt":"2021-06-22T08:11:24","guid":{"rendered":"https:\/\/www.berthold-gymnasium.de\/?p=4634"},"modified":"2024-12-03T17:35:15","modified_gmt":"2024-12-03T16:35:15","slug":"dreisam-folly","status":"publish","type":"post","link":"https:\/\/www.berthold-gymnasium.de\/?p=4634","title":{"rendered":"Dreisam Folly"},"content":{"rendered":"\n<div class=\"wp-block-image is-style-default\"><figure class=\"alignright size-large is-resized\"><img loading=\"lazy\" decoding=\"async\" src=\"https:\/\/www.berthold-gymnasium.de\/wp-content\/uploads\/2021\/06\/Bert_10b.jpg\" alt=\"\" class=\"wp-image-4655\" width=\"324\" height=\"253\" title=\"Dreisam-Folly von 4.-18.7.2021 Kajo-Br\u00fccke Freiburg\" srcset=\"https:\/\/www.berthold-gymnasium.de\/wp-content\/uploads\/2021\/06\/Bert_10b.jpg 545w, https:\/\/www.berthold-gymnasium.de\/wp-content\/uploads\/2021\/06\/Bert_10b-300x234.jpg 300w, https:\/\/www.berthold-gymnasium.de\/wp-content\/uploads\/2021\/06\/Bert_10b-192x150.jpg 192w\" sizes=\"auto, (max-width: 324px) 100vw, 324px\" \/><\/figure><\/div>\n\n\n\n<p>Vom 4. &#8211; 18. Juli 2021 beteiligen sich Sch\u00fclerInnen des BK-Kurses (K1) des Berthold-Gymnasiums mit einem 2m x 2m gro\u00dfen Kunstpavillon an dem Folly-Projekt des Architekturforums Freiburg. Dieses Projekt wurde im Rahmen eines Wettbewerbes im vergangenen Schuljahr gestartet und m\u00fcndet anl\u00e4sslich des Stadtjubil\u00e4ums in eine reale Umsetzung an der Dreisam. <\/p>\n\n\n\n<p>Mit Modell und Konzept bewarb sich die damalige Klasse 10b und konnte mit einem ihrer Entw\u00fcrfe die Realisierung des Kunstprojektes &#8222;Dreisam Follow&#8220; an der Dreisam gewinnen. Als Projektteam koordinieren nun die Sch\u00fclerInnen Ove Barkemeyer, Timo R\u00fctschlen und Nora Klaus, (GK-K1) mit Frau Menzel und Herrn R\u00fcmmele die Umsetzung und den Aufbau:<\/p>\n\n\n\n<div class=\"wp-block-image is-style-default\"><figure class=\"alignright size-large is-resized\"><img loading=\"lazy\" decoding=\"async\" src=\"https:\/\/www.berthold-gymnasium.de\/wp-content\/uploads\/2021\/06\/folly_nacht.jpg\" alt=\"\" class=\"wp-image-4727\" width=\"327\" height=\"246\" srcset=\"https:\/\/www.berthold-gymnasium.de\/wp-content\/uploads\/2021\/06\/folly_nacht.jpg 800w, https:\/\/www.berthold-gymnasium.de\/wp-content\/uploads\/2021\/06\/folly_nacht-300x225.jpg 300w, https:\/\/www.berthold-gymnasium.de\/wp-content\/uploads\/2021\/06\/folly_nacht-200x150.jpg 200w, https:\/\/www.berthold-gymnasium.de\/wp-content\/uploads\/2021\/06\/folly_nacht-768x576.jpg 768w\" sizes=\"auto, (max-width: 327px) 100vw, 327px\" \/><\/figure><\/div>\n\n\n\n\n\n<p>&#8222;Die Idee war es, dass wir uns um die verschiedenen Ebenen des Follyplatzes an der Dreisam bem\u00fchen. Deshalb sind wir zu dem geplanten Platz hingefahren und haben uns \u00fcberlegt, wie wir die verschiedenen Eindr\u00fccke kombinieren k\u00f6nnen: unter Wasser sollen von der Dreisam Fotoaufnahmen gemacht werden, welche am Br\u00fcckenkopf, oberhalb der Dreisam auf Leinwand gedruckt am Folly pr\u00e4sentiert werden. <\/p>\n\n\n\n<div class=\"wp-block-image\"><figure class=\"alignleft size-large is-resized\"><img loading=\"lazy\" decoding=\"async\" src=\"https:\/\/www.berthold-gymnasium.de\/wp-content\/uploads\/2021\/06\/dreisam_4_skl_web.jpg\" alt=\"\" class=\"wp-image-4651\" width=\"196\" height=\"196\" srcset=\"https:\/\/www.berthold-gymnasium.de\/wp-content\/uploads\/2021\/06\/dreisam_4_skl_web.jpg 480w, https:\/\/www.berthold-gymnasium.de\/wp-content\/uploads\/2021\/06\/dreisam_4_skl_web-300x300.jpg 300w, https:\/\/www.berthold-gymnasium.de\/wp-content\/uploads\/2021\/06\/dreisam_4_skl_web-150x150.jpg 150w\" sizes=\"auto, (max-width: 196px) 100vw, 196px\" \/><\/figure><\/div>\n\n\n\n<p>Aber dieser W\u00fcrfel soll nicht nur das k\u00f6nnen, sondern auch auf die vielen Events im Rahmen des Freiburg 900 Jahre Stadtjubil\u00e4ums aufmerksam machen, als Eingangspavillon auf die Aktion \u201eDreisamfollys\u201c verweisen oder einfach nur als Markierung \u2013 abends beleuchtet &#8211; ein Orientierungspunkt in der Stadt sein. Die Unterwasserfotos sollen die \u00c4sthetik und den Erholungswert der Dreisam in die Stra\u00dfensituation integrieren. Daher bietet der Standort eine Verbindung verschiedener Ebenen: die Dreisam, Spazierg\u00e4nger am Nordufer, Radfahrer am S\u00fcdufer, Autofahrer, Besucher des Cafe Extrablatt, Passanten auf der Kajobr\u00fccke und Anwohner \u2013 immer eine gute Sicht auf den W\u00fcrfel im Alltag. Mittels QR-Codes (Dreisam follow), kann man der Dreisam auch \u00fcber und unter Wasser per Filmchen digital folgen.&#8220;<\/p>\n\n\n\n<p><strong>Dreisam-Folly von 4.-18.7.2021<\/strong>   &#8211;  Standort: <strong>Kajo-Br\u00fccke Freiburg<\/strong><\/p>\n","protected":false},"excerpt":{"rendered":"<p>Vom 4. &#8211; 18. Juli 2021 beteiligen sich Sch\u00fclerInnen des BK-Kurses (K1) des Berthold-Gymnasiums mit einem 2m x 2m gro\u00dfen Kunstpavillon an dem Folly-Projekt des Architekturforums Freiburg. Dieses Projekt wurde im Rahmen eines Wettbewerbes im vergangenen Schuljahr gestartet und m\u00fcndet anl\u00e4sslich des Stadtjubil\u00e4ums in eine reale Umsetzung an der Dreisam. <\/p>\n","protected":false},"author":6,"featured_media":4725,"comment_status":"closed","ping_status":"closed","sticky":false,"template":"","format":"standard","meta":{"_FSMCFIC_featured_image_caption":"","_FSMCFIC_featured_image_nocaption":"","_FSMCFIC_featured_image_hide":"","footnotes":""},"categories":[1,89,11],"tags":[],"class_list":["post-4634","post","type-post","status-publish","format-standard","has-post-thumbnail","hentry","category-allgemein","category-kunst","category-neuigkeiten"],"publishpress_future_action":{"enabled":false,"date":"2026-05-06 13:31:37","action":"change-status","newStatus":"draft","terms":[],"taxonomy":"category","extraData":[]},"publishpress_future_workflow_manual_trigger":{"enabledWorkflows":[]},"_links":{"self":[{"href":"https:\/\/www.berthold-gymnasium.de\/index.php?rest_route=\/wp\/v2\/posts\/4634","targetHints":{"allow":["GET"]}}],"collection":[{"href":"https:\/\/www.berthold-gymnasium.de\/index.php?rest_route=\/wp\/v2\/posts"}],"about":[{"href":"https:\/\/www.berthold-gymnasium.de\/index.php?rest_route=\/wp\/v2\/types\/post"}],"author":[{"embeddable":true,"href":"https:\/\/www.berthold-gymnasium.de\/index.php?rest_route=\/wp\/v2\/users\/6"}],"replies":[{"embeddable":true,"href":"https:\/\/www.berthold-gymnasium.de\/index.php?rest_route=%2Fwp%2Fv2%2Fcomments&post=4634"}],"version-history":[{"count":4,"href":"https:\/\/www.berthold-gymnasium.de\/index.php?rest_route=\/wp\/v2\/posts\/4634\/revisions"}],"predecessor-version":[{"id":4754,"href":"https:\/\/www.berthold-gymnasium.de\/index.php?rest_route=\/wp\/v2\/posts\/4634\/revisions\/4754"}],"wp:featuredmedia":[{"embeddable":true,"href":"https:\/\/www.berthold-gymnasium.de\/index.php?rest_route=\/wp\/v2\/media\/4725"}],"wp:attachment":[{"href":"https:\/\/www.berthold-gymnasium.de\/index.php?rest_route=%2Fwp%2Fv2%2Fmedia&parent=4634"}],"wp:term":[{"taxonomy":"category","embeddable":true,"href":"https:\/\/www.berthold-gymnasium.de\/index.php?rest_route=%2Fwp%2Fv2%2Fcategories&post=4634"},{"taxonomy":"post_tag","embeddable":true,"href":"https:\/\/www.berthold-gymnasium.de\/index.php?rest_route=%2Fwp%2Fv2%2Ftags&post=4634"}],"curies":[{"name":"wp","href":"https:\/\/api.w.org\/{rel}","templated":true}]}}