{"id":4862,"date":"2021-08-01T20:21:59","date_gmt":"2021-08-01T18:21:59","guid":{"rendered":"https:\/\/www.berthold-gymnasium.de\/?p=4862"},"modified":"2024-12-03T17:27:49","modified_gmt":"2024-12-03T16:27:49","slug":"bundespreis-und-landespreise-beim-europaeischen-wettbewerb","status":"publish","type":"post","link":"https:\/\/www.berthold-gymnasium.de\/?p=4862","title":{"rendered":"Bundespreis und Landespreise beim Europ\u00e4ischen Wettbewerb"},"content":{"rendered":"\n<p> <\/p>\n\n\n\n<p>Mit einem Bundespreis, drei Landespreisen, Ortspreisen und zwei Klassenpreisen konnte Klemens Huber von der Europa-Union Freiburg zahlreiche Sch\u00fclerInnen des Berthold-Gymnasiums auszeichen. <\/p>\n\n\n\n<!--more-->\n\n\n\n<p>Sophie Bieber (K1) erhielt f\u00fcr ihre k\u00fcnstlerische Umsetzung zum Thema Kultur-Geschichte in Europa einen Landespreis und wurde auch auf Bundesebene mit einem Preis gek\u00fcrt. Dieser beinhaltet neben Urkunden auch einen Buchpreis und dazu die Teilnahme an einem mehrt\u00e4gigen kreativen Seminar auf europ\u00e4ischer Ebene.<\/p>\n\n\n\n<div class=\"wp-block-image\"><figure class=\"alignright size-full is-resized\"><img decoding=\"async\" src=\"https:\/\/www.berthold-gymnasium.de\/wp-content\/uploads\/2021\/08\/web_MG_4276.jpg\" alt=\"\" class=\"wp-image-4864\" width=\"-114\" height=\"-78\" srcset=\"https:\/\/www.berthold-gymnasium.de\/wp-content\/uploads\/2021\/08\/web_MG_4276.jpg 790w, https:\/\/www.berthold-gymnasium.de\/wp-content\/uploads\/2021\/08\/web_MG_4276-300x207.jpg 300w, https:\/\/www.berthold-gymnasium.de\/wp-content\/uploads\/2021\/08\/web_MG_4276-218x150.jpg 218w, https:\/\/www.berthold-gymnasium.de\/wp-content\/uploads\/2021\/08\/web_MG_4276-768x529.jpg 768w\" sizes=\"(max-width: 790px) 100vw, 790px\" \/><\/figure><\/div>\n\n\n\n<p><\/p>\n\n\n\n<p>Ein Landespreis ging jeweils an Mariella Hartmann und Nora Klaus. Ebenfalls aus der Kurstufe konnten sich auch Lara Huber, Chryssa Brieger, Rosa Nestor und Eric Feil freuen.<\/p>\n\n\n\n<p>Zwei Klassenpreise gingen an die Klassen 5b und 5c f\u00fcr ihren gemeinsamen  Wettberwerbsbeitrag, welcher w\u00e4hrend der Onlinelernphase enstanden war. Deren Kunstgalerien mit Tableux Vivants zu ber\u00fchmten Gem\u00e4lden und erl\u00e4uternden Bildbeschreibungen gewannen in der Kategorie &#8222;gemeinsam kreativ in der Krise&#8220;.<\/p>\n\n\n\n<p>Alle Preistr\u00e4ger erhielten zudem eine Karte f\u00fcr den Europapark Rust !<\/p>\n\n\n\n<p><\/p>\n\n\n\n<p><\/p>\n\n\n\n<p><\/p>\n","protected":false},"excerpt":{"rendered":"<p>Mit einem Bundespreis, drei Landespreisen, Ortspreisen und zwei Klassenpreisen konnte Klemens Huber von der Europa-Union Freiburg zahlreiche Sch\u00fclerInnen des Berthold-Gymnasiums auszeichen.<\/p>\n","protected":false},"author":6,"featured_media":4865,"comment_status":"closed","ping_status":"closed","sticky":false,"template":"","format":"standard","meta":{"_FSMCFIC_featured_image_caption":"","_FSMCFIC_featured_image_nocaption":"","_FSMCFIC_featured_image_hide":"","footnotes":""},"categories":[1,43,89,11],"tags":[],"class_list":["post-4862","post","type-post","status-publish","format-standard","has-post-thumbnail","hentry","category-allgemein","category-foerderung","category-kunst","category-neuigkeiten"],"publishpress_future_action":{"enabled":false,"date":"2026-05-06 19:26:27","action":"change-status","newStatus":"draft","terms":[],"taxonomy":"category","extraData":[]},"publishpress_future_workflow_manual_trigger":{"enabledWorkflows":[]},"_links":{"self":[{"href":"https:\/\/www.berthold-gymnasium.de\/index.php?rest_route=\/wp\/v2\/posts\/4862","targetHints":{"allow":["GET"]}}],"collection":[{"href":"https:\/\/www.berthold-gymnasium.de\/index.php?rest_route=\/wp\/v2\/posts"}],"about":[{"href":"https:\/\/www.berthold-gymnasium.de\/index.php?rest_route=\/wp\/v2\/types\/post"}],"author":[{"embeddable":true,"href":"https:\/\/www.berthold-gymnasium.de\/index.php?rest_route=\/wp\/v2\/users\/6"}],"replies":[{"embeddable":true,"href":"https:\/\/www.berthold-gymnasium.de\/index.php?rest_route=%2Fwp%2Fv2%2Fcomments&post=4862"}],"version-history":[{"count":4,"href":"https:\/\/www.berthold-gymnasium.de\/index.php?rest_route=\/wp\/v2\/posts\/4862\/revisions"}],"predecessor-version":[{"id":4891,"href":"https:\/\/www.berthold-gymnasium.de\/index.php?rest_route=\/wp\/v2\/posts\/4862\/revisions\/4891"}],"wp:featuredmedia":[{"embeddable":true,"href":"https:\/\/www.berthold-gymnasium.de\/index.php?rest_route=\/wp\/v2\/media\/4865"}],"wp:attachment":[{"href":"https:\/\/www.berthold-gymnasium.de\/index.php?rest_route=%2Fwp%2Fv2%2Fmedia&parent=4862"}],"wp:term":[{"taxonomy":"category","embeddable":true,"href":"https:\/\/www.berthold-gymnasium.de\/index.php?rest_route=%2Fwp%2Fv2%2Fcategories&post=4862"},{"taxonomy":"post_tag","embeddable":true,"href":"https:\/\/www.berthold-gymnasium.de\/index.php?rest_route=%2Fwp%2Fv2%2Ftags&post=4862"}],"curies":[{"name":"wp","href":"https:\/\/api.w.org\/{rel}","templated":true}]}}