{"id":5237,"date":"2022-04-25T15:42:04","date_gmt":"2022-04-25T13:42:04","guid":{"rendered":"https:\/\/www.berthold-gymnasium.de\/?p=5237"},"modified":"2022-08-15T18:58:56","modified_gmt":"2022-08-15T16:58:56","slug":"stadtradeln-2022","status":"publish","type":"post","link":"https:\/\/www.berthold-gymnasium.de\/?p=5237","title":{"rendered":"Stadtradeln 2022"},"content":{"rendered":"\n<p>Auch dieses Jahr nimmt das BG teil beim Stadtradeln der Stadt Freiburg und versucht m\u00f6glichst viele Kilometer zu sammeln. Sch\u00fcler*innen, Lehrer*innen und Eltern legen dazu klimafreundlich so viele Wege wie m\u00f6glich mit dem Fahrrad zur\u00fcck. Also- radelt alle flei\u00dfig mit, der Aktionszeitraum ist 09.05-29.05.2022!<\/p>\n\n\n\n<div style=\"width: auto !important; min-width: 375px; max-width: 415px; height: 415px;\">\n\n<iframe style=\"width: 100%; height: 100%;\" frameborder=\"0\" scrolling=\"no\" src=\"https:\/\/www.stadtradeln.de\/fileadmin\/radelkalender\/embed\/radelmeter-team.php?sr_team_id=6584\"><\/iframe>\n\n<\/div>\n","protected":false},"excerpt":{"rendered":"<p>Auch dieses Jahr nimmt das BG teil beim Stadtradeln der Stadt Freiburg und versucht m\u00f6glichst viele Kilometer zu sammeln. Sch\u00fcler*innen, Lehrer*innen und Eltern legen dazu klimafreundlich so viele Wege wie m\u00f6glich mit dem Fahrrad zur\u00fcck. Also- radelt alle flei\u00dfig mit, der Aktionszeitraum ist 09.05-29.05.2022!<\/p>\n","protected":false},"author":1,"featured_media":0,"comment_status":"closed","ping_status":"closed","sticky":false,"template":"","format":"standard","meta":{"_FSMCFIC_featured_image_caption":"","_FSMCFIC_featured_image_nocaption":"","_FSMCFIC_featured_image_hide":"","footnotes":""},"categories":[1,4],"tags":[],"class_list":["post-5237","post","type-post","status-publish","format-standard","hentry","category-allgemein","category-sport"],"publishpress_future_action":{"enabled":false,"date":"2026-05-06 10:31:41","action":"change-status","newStatus":"draft","terms":[],"taxonomy":"category","extraData":[]},"publishpress_future_workflow_manual_trigger":{"enabledWorkflows":[]},"_links":{"self":[{"href":"https:\/\/www.berthold-gymnasium.de\/index.php?rest_route=\/wp\/v2\/posts\/5237","targetHints":{"allow":["GET"]}}],"collection":[{"href":"https:\/\/www.berthold-gymnasium.de\/index.php?rest_route=\/wp\/v2\/posts"}],"about":[{"href":"https:\/\/www.berthold-gymnasium.de\/index.php?rest_route=\/wp\/v2\/types\/post"}],"author":[{"embeddable":true,"href":"https:\/\/www.berthold-gymnasium.de\/index.php?rest_route=\/wp\/v2\/users\/1"}],"replies":[{"embeddable":true,"href":"https:\/\/www.berthold-gymnasium.de\/index.php?rest_route=%2Fwp%2Fv2%2Fcomments&post=5237"}],"version-history":[{"count":5,"href":"https:\/\/www.berthold-gymnasium.de\/index.php?rest_route=\/wp\/v2\/posts\/5237\/revisions"}],"predecessor-version":[{"id":5249,"href":"https:\/\/www.berthold-gymnasium.de\/index.php?rest_route=\/wp\/v2\/posts\/5237\/revisions\/5249"}],"wp:attachment":[{"href":"https:\/\/www.berthold-gymnasium.de\/index.php?rest_route=%2Fwp%2Fv2%2Fmedia&parent=5237"}],"wp:term":[{"taxonomy":"category","embeddable":true,"href":"https:\/\/www.berthold-gymnasium.de\/index.php?rest_route=%2Fwp%2Fv2%2Fcategories&post=5237"},{"taxonomy":"post_tag","embeddable":true,"href":"https:\/\/www.berthold-gymnasium.de\/index.php?rest_route=%2Fwp%2Fv2%2Ftags&post=5237"}],"curies":[{"name":"wp","href":"https:\/\/api.w.org\/{rel}","templated":true}]}}