{"id":5264,"date":"2022-06-21T13:23:57","date_gmt":"2022-06-21T11:23:57","guid":{"rendered":"https:\/\/www.berthold-gymnasium.de\/?p=5264"},"modified":"2022-07-14T07:35:24","modified_gmt":"2022-07-14T05:35:24","slug":"physiknobelpreistraeger-prof-dr-reinhard-genzel-zu-gast-am-bg","status":"publish","type":"post","link":"https:\/\/www.berthold-gymnasium.de\/?p=5264","title":{"rendered":"Physiknobelpreistr\u00e4ger Prof. Dr. Reinhard Genzel zu Gast am BG"},"content":{"rendered":"\n<p>Das Berthold-Gymnasium freut sich, seinen ehemaligen Sch\u00fcler Reinhard Genzel willkommen zu hei\u00dfen. Reinhard Genzel legte sein Abitur am Berthold-Gymnasium ab und darf heute auf eine bemerkenswerte Karriere als Naturwissenschaftler zur\u00fcckblicken. Er wurde im Jahr 2020 f\u00fcr seine Arbeit an Schwarzen L\u00f6chern mit dem Nobelpreis ausgezeichnet. Nach seinem Vortrag unterhalten sich jetzige Sch\u00fcler des Berthold-Gymnasiums mit Reinhard Genzel auf dem Podium zu spannenden Fragen, die sicherlich auch \u00fcber den fachlichen Vortrag hinausgehen werden, und versuchen einen Bogen \u00fcber Sch\u00fclergenerationen hinweg zu spannen.<\/p>\n\n\n\n<!--more-->\n\n\n\n<h3 class=\"wp-block-heading\">Informationen zum Inhalt des Vortrags<\/h3>\n\n\n\n<h5 class=\"wp-block-heading\">Galaxien und Schwarze L\u00f6cher<\/h5>\n\n\n\n<blockquote class=\"wp-block-quote is-style-default has-small-font-size is-layout-flow wp-block-quote-is-layout-flow\"><p>Seit der Entdeckung der Quasare vor etwa 50 Jahren haben sich die Indizien geh\u00e4uft, dass in den Zentren von Milchstra\u00dfensystemen massive Schwarze L\u00f6cher sitzen, die durch Akkretion von Gas und Sternen effizient Gravitationsenergie in Strahlung umwandeln. Durch hochaufl\u00f6sende Messungen im Infrarot- und Radiobereich ist es jetzt im Zentrum unserer eigenen Milchstra\u00dfe gelungen, einen \u00fcberzeugenden Beweis f\u00fcr diese Hypothese zu liefern. Gleichzeitig wurden neue und unerwartete Resultate \u00fcber den dichten Sternhaufen in der unmittelbaren Umgebung des Schwarzen Lochs erbracht.<br>Hierbei haben neue Entwicklungen in der Infrarotinstrumentierung und der adaptiven Optik und Interferometrie am neuen Gro\u00dfteleskop der ESO, dem VLT, eine wichtige Rolle gespielt.<br>Gleichzeitig ist klargeworden, dass die meisten Galaxien massive Schwarze L\u00f6cher beherbergen und diese Schwarzen L\u00f6cher bereits etwa eine Milliarde Jahre nach dem Urknall entstanden sein m\u00fcssen.<br>Es werden diese neuen Messungen und ihre Konsequenzen f\u00fcr die Entstehung von Schwarzen L\u00f6chern im fr\u00fchen Universum diskutiert.<\/p><\/blockquote>\n\n\n\n<h3 class=\"wp-block-heading\">Informationen zur Veranstaltung<\/h3>\n\n\n\n<p><strong>Ort und Zeit<\/strong><br>Montag, 11.07.2022 &#8211; 19 Uhr<br>Berthold-Gymnasium Freiburg, Hirzbergstr. 12<br>Einlass ab 18:30 Uhr<\/p>\n\n\n\n<div class=\"wp-block-columns is-layout-flex wp-container-core-columns-is-layout-9d6595d7 wp-block-columns-is-layout-flex\">\n<div class=\"wp-block-column is-layout-flow wp-block-column-is-layout-flow\" style=\"flex-basis:50%\">\n<p>F\u00fcr die Teilnahme an der Veranstaltung ist aus Platzgr\u00fcnden eine kostenfreie vorherige Reservierung erforderlich. Bitte nutzen Sie unser Ticketsystem:<\/p>\n<\/div>\n\n\n\n<div class=\"wp-block-column is-layout-flow wp-block-column-is-layout-flow\" style=\"flex-basis:50%\">\n<div><a class=\"eveenoButton blue\" href=\"https:\/\/eveeno.com\/138313036\" target=\"_blank\" rel=\"noopener\">Jetzt anmelden<\/a><style scoped=\"\">.eveenoButton:link, .eveenoButton:visited, .eveenoButton:focus, .eveenoButton:hover, .eveenoButton:active {color: #fff; text-decoration: none;}.eveenoButton {color:#fff; cursor:pointer; display:inline-block; font-family:arial,helvetica,sans-serif; line-height:38px; font-size:16px; padding:0px 30px; text-align:center;}.eveenoButton.blue {background-color:#337ab7}.eveenoButton.blue:hover,.eveenoButton.blue:focus,.eveenoButton.blue:active {background-color:#265a88;}<\/style><\/div>\n<\/div>\n<\/div>\n\n\n\n<p>Die Veranstaltung findet zu den dann geltenden Hygienema\u00dfnahmen der aktuellen Corona-Verordnung statt. Bitte halten Sie am Einlass Ihr Ticket bereit.<\/p>\n","protected":false},"excerpt":{"rendered":"<p>Das Berthold-Gymnasium freut sich, seinen ehemaligen Sch\u00fcler Reinhard Genzel willkommen zu hei\u00dfen. Reinhard Genzel legte sein Abitur am Berthold-Gymnasium ab und darf heute auf eine bemerkenswerte Karriere als Naturwissenschaftler zur\u00fcckblicken. Er wurde im Jahr 2020 f\u00fcr seine Arbeit an Schwarzen L\u00f6chern mit dem Nobelpreis ausgezeichnet. Nach seinem Vortrag unterhalten sich jetzige Sch\u00fcler des Berthold-Gymnasiums mit [&hellip;]<\/p>\n","protected":false},"author":1,"featured_media":5275,"comment_status":"closed","ping_status":"closed","sticky":false,"template":"","format":"standard","meta":{"_FSMCFIC_featured_image_caption":"","_FSMCFIC_featured_image_nocaption":"","_FSMCFIC_featured_image_hide":"","footnotes":""},"categories":[1],"tags":[],"class_list":["post-5264","post","type-post","status-publish","format-standard","has-post-thumbnail","hentry","category-allgemein"],"publishpress_future_action":{"enabled":false,"date":"2026-05-04 21:30:59","action":"change-status","newStatus":"draft","terms":[],"taxonomy":"category","extraData":[]},"publishpress_future_workflow_manual_trigger":{"enabledWorkflows":[]},"_links":{"self":[{"href":"https:\/\/www.berthold-gymnasium.de\/index.php?rest_route=\/wp\/v2\/posts\/5264","targetHints":{"allow":["GET"]}}],"collection":[{"href":"https:\/\/www.berthold-gymnasium.de\/index.php?rest_route=\/wp\/v2\/posts"}],"about":[{"href":"https:\/\/www.berthold-gymnasium.de\/index.php?rest_route=\/wp\/v2\/types\/post"}],"author":[{"embeddable":true,"href":"https:\/\/www.berthold-gymnasium.de\/index.php?rest_route=\/wp\/v2\/users\/1"}],"replies":[{"embeddable":true,"href":"https:\/\/www.berthold-gymnasium.de\/index.php?rest_route=%2Fwp%2Fv2%2Fcomments&post=5264"}],"version-history":[{"count":5,"href":"https:\/\/www.berthold-gymnasium.de\/index.php?rest_route=\/wp\/v2\/posts\/5264\/revisions"}],"predecessor-version":[{"id":5274,"href":"https:\/\/www.berthold-gymnasium.de\/index.php?rest_route=\/wp\/v2\/posts\/5264\/revisions\/5274"}],"wp:featuredmedia":[{"embeddable":true,"href":"https:\/\/www.berthold-gymnasium.de\/index.php?rest_route=\/wp\/v2\/media\/5275"}],"wp:attachment":[{"href":"https:\/\/www.berthold-gymnasium.de\/index.php?rest_route=%2Fwp%2Fv2%2Fmedia&parent=5264"}],"wp:term":[{"taxonomy":"category","embeddable":true,"href":"https:\/\/www.berthold-gymnasium.de\/index.php?rest_route=%2Fwp%2Fv2%2Fcategories&post=5264"},{"taxonomy":"post_tag","embeddable":true,"href":"https:\/\/www.berthold-gymnasium.de\/index.php?rest_route=%2Fwp%2Fv2%2Ftags&post=5264"}],"curies":[{"name":"wp","href":"https:\/\/api.w.org\/{rel}","templated":true}]}}