{"id":5865,"date":"2023-07-21T15:27:06","date_gmt":"2023-07-21T13:27:06","guid":{"rendered":"https:\/\/www.berthold-gymnasium.de\/?p=5865"},"modified":"2023-07-25T08:16:27","modified_gmt":"2023-07-25T06:16:27","slug":"staufer-medaille-fuer-rainer-pacher","status":"publish","type":"post","link":"https:\/\/www.berthold-gymnasium.de\/?p=5865","title":{"rendered":"Staufer-Medaille f\u00fcr Rainer Pacher"},"content":{"rendered":"\n<p><\/p>\n\n\n\n<p><\/p>\n\n\n\n<p><\/p>\n\n\n\n<h1 class=\"wp-block-heading\"><\/h1>\n\n\n\n<p>Rainer Pachner wurde mit der Staufermedaille des Landes Baden-W\u00fcrttemberg geehrt. Diese hohe Auszeichnung w\u00fcrdigt sein langj\u00e4hriges, ehrenamtliches, gesellschaftliches und b\u00fcrgerschaftliches Engagement, das in Freiburg ebenso wie international seine Wirkung und Strahlkraft entfaltet.<\/p>\n\n\n\n<p>Rainer Pachner hat sich in besonderer Weise f\u00fcr Freiburg und Baden-W\u00fcrttemberg verdient gemacht, indem er seit Jahrzehnten als musikalischer Leiter die Menschen unserer Partnerst\u00e4dte \u00fcber Grenzen hinweg, sogar Kontinente \u00fcberspannend zueinander gebracht hat. Das bereichert Kinder, Jugendliche und Erwachsene in unsch\u00e4tzbarer Weise.<\/p>\n\n\n\n<p>Rainer Pachner hat als Lehrer am Berthold-Gymnasium und als Dozent an den Hochschulen in Freiburg und Trossingen Generationen von Sch\u00fcler*innen und Studierende unterrichtet, begeistert und wichtige Ma\u00dfst\u00e4be f\u00fcr die Musikerziehung gesetzt. Bis heute wird der Name \u201ePachner\u201c von Sch\u00fclern, Eltern und Kollegen mit besonderer Hochachtung und Wertsch\u00e4tzung ausgesprochen, wenn es um ungew\u00f6hnliche, gro\u00dfe und anspruchsvolle Musikprojekte im schulischen und au\u00dferschulischen Bereich geht.<\/p>\n\n\n\n<p>Die Aush\u00e4ndigung der Ordensinsignien durch Herrn B\u00fcrgermeister von Kirchbach fand im Rahmen des Sommerfests statt, den der Chor der Freunde des Berthold-Gymnasiums gefeiert hat.<\/p>\n","protected":false},"excerpt":{"rendered":"<p>Rainer Pachner wurde mit der Staufermedaille des Landes Baden-W\u00fcrttemberg geehrt. Diese hohe Auszeichnung w\u00fcrdigt sein langj\u00e4hriges, ehrenamtliches, gesellschaftliches und b\u00fcrgerschaftliches Engagement, das in Freiburg ebenso wie international seine Wirkung und Strahlkraft entfaltet.<\/p>\n","protected":false},"author":6,"featured_media":5867,"comment_status":"closed","ping_status":"closed","sticky":false,"template":"","format":"standard","meta":{"_FSMCFIC_featured_image_caption":"","_FSMCFIC_featured_image_nocaption":"","_FSMCFIC_featured_image_hide":"","footnotes":""},"categories":[29,7],"tags":[],"class_list":["post-5865","post","type-post","status-publish","format-standard","has-post-thumbnail","hentry","category-startseite","category-musik"],"publishpress_future_action":{"enabled":false,"date":"2026-05-08 11:54:05","action":"change-status","newStatus":"draft","terms":[],"taxonomy":"category","extraData":[]},"publishpress_future_workflow_manual_trigger":{"enabledWorkflows":[]},"_links":{"self":[{"href":"https:\/\/www.berthold-gymnasium.de\/index.php?rest_route=\/wp\/v2\/posts\/5865","targetHints":{"allow":["GET"]}}],"collection":[{"href":"https:\/\/www.berthold-gymnasium.de\/index.php?rest_route=\/wp\/v2\/posts"}],"about":[{"href":"https:\/\/www.berthold-gymnasium.de\/index.php?rest_route=\/wp\/v2\/types\/post"}],"author":[{"embeddable":true,"href":"https:\/\/www.berthold-gymnasium.de\/index.php?rest_route=\/wp\/v2\/users\/6"}],"replies":[{"embeddable":true,"href":"https:\/\/www.berthold-gymnasium.de\/index.php?rest_route=%2Fwp%2Fv2%2Fcomments&post=5865"}],"version-history":[{"count":1,"href":"https:\/\/www.berthold-gymnasium.de\/index.php?rest_route=\/wp\/v2\/posts\/5865\/revisions"}],"predecessor-version":[{"id":5866,"href":"https:\/\/www.berthold-gymnasium.de\/index.php?rest_route=\/wp\/v2\/posts\/5865\/revisions\/5866"}],"wp:featuredmedia":[{"embeddable":true,"href":"https:\/\/www.berthold-gymnasium.de\/index.php?rest_route=\/wp\/v2\/media\/5867"}],"wp:attachment":[{"href":"https:\/\/www.berthold-gymnasium.de\/index.php?rest_route=%2Fwp%2Fv2%2Fmedia&parent=5865"}],"wp:term":[{"taxonomy":"category","embeddable":true,"href":"https:\/\/www.berthold-gymnasium.de\/index.php?rest_route=%2Fwp%2Fv2%2Fcategories&post=5865"},{"taxonomy":"post_tag","embeddable":true,"href":"https:\/\/www.berthold-gymnasium.de\/index.php?rest_route=%2Fwp%2Fv2%2Ftags&post=5865"}],"curies":[{"name":"wp","href":"https:\/\/api.w.org\/{rel}","templated":true}]}}