{"id":6038,"date":"2023-10-11T20:35:12","date_gmt":"2023-10-11T18:35:12","guid":{"rendered":"https:\/\/www.berthold-gymnasium.de\/?p=6038"},"modified":"2024-12-03T17:29:09","modified_gmt":"2024-12-03T16:29:09","slug":"schulkunstausstellung-wir-sind-dabei","status":"publish","type":"post","link":"https:\/\/www.berthold-gymnasium.de\/?p=6038","title":{"rendered":"Schulkunstausstellung &#8211; wir sind dabei"},"content":{"rendered":"\n<p>Ein Ausstellungstipp: PEAC Museum Freiburg 11.10.- 5.11.2023<\/p>\n\n\n\n<p><\/p>\n\n\n\n<p><\/p>\n\n\n\n<!--more-->\n\n\n\n<p>&#8222;&#8230;Die Serie begegnet uns in der bildenden Kunst in vielen Spielarten: rein handwerkliche Arbeiten, konzeptionelle Ideen und mediale Prozesse. Als Gestaltungsprinzip tritt die Serie unter anderem in Form von Reihung, Wiederholung, Variation und Zyklus auf. In Kombination mit Farben, Formen, Kompositionen, Motiven und Materialen er\u00f6ffnen sich unz\u00e4hlige M\u00f6glichkeiten zur Kreativit\u00e4t.&#8220; ZKIS<\/p>\n\n\n\n<p>In den Ausstellungsr\u00e4umen des Museum PEAC k\u00f6nnen bis zum 5.11.2023 im Rahmen der Schulkunstausstellung des Landes Baden-W\u00fcrttembergs Gemeinschaftsarbeiten der Klasse 5a (2023), und Fotocollagen von Theo S. und Zora E. 7c (2023) besichtigt werden.<\/p>\n\n\n\n<figure class=\"wp-block-gallery has-nested-images columns-default is-cropped wp-block-gallery-1 is-layout-flex wp-block-gallery-is-layout-flex\">\n<figure class=\"wp-block-image size-large\"><img loading=\"lazy\" decoding=\"async\" width=\"529\" height=\"727\" data-id=\"6042\" src=\"https:\/\/www.berthold-gymnasium.de\/wp-content\/uploads\/2023\/10\/schulkunst-theo.jpg\" alt=\"\" class=\"wp-image-6042\" srcset=\"https:\/\/www.berthold-gymnasium.de\/wp-content\/uploads\/2023\/10\/schulkunst-theo.jpg 529w, https:\/\/www.berthold-gymnasium.de\/wp-content\/uploads\/2023\/10\/schulkunst-theo-218x300.jpg 218w, https:\/\/www.berthold-gymnasium.de\/wp-content\/uploads\/2023\/10\/schulkunst-theo-109x150.jpg 109w\" sizes=\"auto, (max-width: 529px) 100vw, 529px\" \/><\/figure>\n\n\n\n<figure class=\"wp-block-image size-large\"><img loading=\"lazy\" decoding=\"async\" width=\"642\" height=\"892\" data-id=\"6041\" src=\"https:\/\/www.berthold-gymnasium.de\/wp-content\/uploads\/2023\/10\/animalarium.jpg\" alt=\"\" class=\"wp-image-6041\" srcset=\"https:\/\/www.berthold-gymnasium.de\/wp-content\/uploads\/2023\/10\/animalarium.jpg 642w, https:\/\/www.berthold-gymnasium.de\/wp-content\/uploads\/2023\/10\/animalarium-216x300.jpg 216w, https:\/\/www.berthold-gymnasium.de\/wp-content\/uploads\/2023\/10\/animalarium-108x150.jpg 108w\" sizes=\"auto, (max-width: 642px) 100vw, 642px\" \/><\/figure>\n\n\n\n<figure class=\"wp-block-image size-large\"><img loading=\"lazy\" decoding=\"async\" width=\"550\" height=\"631\" data-id=\"6043\" src=\"https:\/\/www.berthold-gymnasium.de\/wp-content\/uploads\/2023\/10\/schulkunst-zora.jpg\" alt=\"\" class=\"wp-image-6043\" srcset=\"https:\/\/www.berthold-gymnasium.de\/wp-content\/uploads\/2023\/10\/schulkunst-zora.jpg 550w, https:\/\/www.berthold-gymnasium.de\/wp-content\/uploads\/2023\/10\/schulkunst-zora-261x300.jpg 261w, https:\/\/www.berthold-gymnasium.de\/wp-content\/uploads\/2023\/10\/schulkunst-zora-131x150.jpg 131w\" sizes=\"auto, (max-width: 550px) 100vw, 550px\" \/><\/figure>\n\n\n\n<figure class=\"wp-block-image size-large\"><img loading=\"lazy\" decoding=\"async\" width=\"1024\" height=\"637\" data-id=\"6044\" src=\"https:\/\/www.berthold-gymnasium.de\/wp-content\/uploads\/2023\/10\/schulkumst-5-1024x637.jpg\" alt=\"\" class=\"wp-image-6044\" srcset=\"https:\/\/www.berthold-gymnasium.de\/wp-content\/uploads\/2023\/10\/schulkumst-5-1024x637.jpg 1024w, https:\/\/www.berthold-gymnasium.de\/wp-content\/uploads\/2023\/10\/schulkumst-5-300x187.jpg 300w, https:\/\/www.berthold-gymnasium.de\/wp-content\/uploads\/2023\/10\/schulkumst-5-241x150.jpg 241w, https:\/\/www.berthold-gymnasium.de\/wp-content\/uploads\/2023\/10\/schulkumst-5-768x478.jpg 768w, https:\/\/www.berthold-gymnasium.de\/wp-content\/uploads\/2023\/10\/schulkumst-5.jpg 1106w\" sizes=\"auto, (max-width: 1024px) 100vw, 1024px\" \/><\/figure>\n<\/figure>\n","protected":false},"excerpt":{"rendered":"<p>Ein Ausstellungstipp: PEAC Museum Freiburg 11.10.- 5.11.2023<\/p>\n","protected":false},"author":6,"featured_media":6039,"comment_status":"closed","ping_status":"closed","sticky":false,"template":"","format":"standard","meta":{"_FSMCFIC_featured_image_caption":"","_FSMCFIC_featured_image_nocaption":"","_FSMCFIC_featured_image_hide":"","footnotes":""},"categories":[1,89],"tags":[],"class_list":["post-6038","post","type-post","status-publish","format-standard","has-post-thumbnail","hentry","category-allgemein","category-kunst"],"publishpress_future_action":{"enabled":false,"date":"2026-05-10 11:02:13","action":"change-status","newStatus":"draft","terms":[],"taxonomy":"category","extraData":[]},"publishpress_future_workflow_manual_trigger":{"enabledWorkflows":[]},"_links":{"self":[{"href":"https:\/\/www.berthold-gymnasium.de\/index.php?rest_route=\/wp\/v2\/posts\/6038","targetHints":{"allow":["GET"]}}],"collection":[{"href":"https:\/\/www.berthold-gymnasium.de\/index.php?rest_route=\/wp\/v2\/posts"}],"about":[{"href":"https:\/\/www.berthold-gymnasium.de\/index.php?rest_route=\/wp\/v2\/types\/post"}],"author":[{"embeddable":true,"href":"https:\/\/www.berthold-gymnasium.de\/index.php?rest_route=\/wp\/v2\/users\/6"}],"replies":[{"embeddable":true,"href":"https:\/\/www.berthold-gymnasium.de\/index.php?rest_route=%2Fwp%2Fv2%2Fcomments&post=6038"}],"version-history":[{"count":4,"href":"https:\/\/www.berthold-gymnasium.de\/index.php?rest_route=\/wp\/v2\/posts\/6038\/revisions"}],"predecessor-version":[{"id":7294,"href":"https:\/\/www.berthold-gymnasium.de\/index.php?rest_route=\/wp\/v2\/posts\/6038\/revisions\/7294"}],"wp:featuredmedia":[{"embeddable":true,"href":"https:\/\/www.berthold-gymnasium.de\/index.php?rest_route=\/wp\/v2\/media\/6039"}],"wp:attachment":[{"href":"https:\/\/www.berthold-gymnasium.de\/index.php?rest_route=%2Fwp%2Fv2%2Fmedia&parent=6038"}],"wp:term":[{"taxonomy":"category","embeddable":true,"href":"https:\/\/www.berthold-gymnasium.de\/index.php?rest_route=%2Fwp%2Fv2%2Fcategories&post=6038"},{"taxonomy":"post_tag","embeddable":true,"href":"https:\/\/www.berthold-gymnasium.de\/index.php?rest_route=%2Fwp%2Fv2%2Ftags&post=6038"}],"curies":[{"name":"wp","href":"https:\/\/api.w.org\/{rel}","templated":true}]}}