{"id":6096,"date":"2023-11-23T19:55:03","date_gmt":"2023-11-23T18:55:03","guid":{"rendered":"https:\/\/www.berthold-gymnasium.de\/?p=6096"},"modified":"2025-03-12T17:40:39","modified_gmt":"2025-03-12T16:40:39","slug":"bg-ski-nachmittage-im-winter-2023-24","status":"publish","type":"post","link":"https:\/\/www.berthold-gymnasium.de\/?p=6096","title":{"rendered":"BG \u2013 Ski-Nachmittage im Winter"},"content":{"rendered":"\n<p class=\"has-medium-font-size\"><strong>Skinachmittage <\/strong>am Feldberg und<strong> Mehrtagesfahrten <\/strong>nach Engelberg<\/p>\n\n\n\n<!--more-->\n\n\n\n<p><br>Liebe Eltern, liebe Sch\u00fclerinnen und Sch\u00fcler!<br>Der Winter steht vor der T\u00fcr \u2013 wir hoffen, dass er dieses mal mit viel Schnee kommt! <\/p>\n\n\n\n<p>Wir bieten die <strong>Skinachmittage<\/strong> am Feldberg (4x montags )<\/p>\n\n\n\n<p>und <strong>Mehrtagesfahrten f\u00fcr 9.\/10 Klasse und f\u00fcr die Kursstufe  nach Engelberg<\/strong> s.u. an:<\/p>\n\n\n\n<p><br><\/p>\n\n\n\n<figure class=\"wp-block-gallery has-nested-images columns-default is-cropped wp-block-gallery-1 is-layout-flex wp-block-gallery-is-layout-flex\">\n<figure class=\"wp-block-image size-full\"><img loading=\"lazy\" decoding=\"async\" width=\"800\" height=\"600\" data-id=\"6103\" src=\"https:\/\/www.berthold-gymnasium.de\/wp-content\/uploads\/2023\/11\/20230304_140809.jpg\" alt=\"\" class=\"wp-image-6103\" srcset=\"https:\/\/www.berthold-gymnasium.de\/wp-content\/uploads\/2023\/11\/20230304_140809.jpg 800w, https:\/\/www.berthold-gymnasium.de\/wp-content\/uploads\/2023\/11\/20230304_140809-300x225.jpg 300w, https:\/\/www.berthold-gymnasium.de\/wp-content\/uploads\/2023\/11\/20230304_140809-200x150.jpg 200w, https:\/\/www.berthold-gymnasium.de\/wp-content\/uploads\/2023\/11\/20230304_140809-768x576.jpg 768w\" sizes=\"auto, (max-width: 800px) 100vw, 800px\" \/><\/figure>\n\n\n\n<figure class=\"wp-block-image size-full\"><img loading=\"lazy\" decoding=\"async\" width=\"800\" height=\"600\" data-id=\"6109\" src=\"https:\/\/www.berthold-gymnasium.de\/wp-content\/uploads\/2023\/11\/IMG_20220125_135721-1.jpg\" alt=\"\" class=\"wp-image-6109\" srcset=\"https:\/\/www.berthold-gymnasium.de\/wp-content\/uploads\/2023\/11\/IMG_20220125_135721-1.jpg 800w, https:\/\/www.berthold-gymnasium.de\/wp-content\/uploads\/2023\/11\/IMG_20220125_135721-1-300x225.jpg 300w, https:\/\/www.berthold-gymnasium.de\/wp-content\/uploads\/2023\/11\/IMG_20220125_135721-1-200x150.jpg 200w, https:\/\/www.berthold-gymnasium.de\/wp-content\/uploads\/2023\/11\/IMG_20220125_135721-1-768x576.jpg 768w\" sizes=\"auto, (max-width: 800px) 100vw, 800px\" \/><\/figure>\n\n\n\n<figure class=\"wp-block-image size-large\"><img loading=\"lazy\" decoding=\"async\" width=\"667\" height=\"500\" data-id=\"6102\" src=\"https:\/\/www.berthold-gymnasium.de\/wp-content\/uploads\/2023\/11\/IMG_20200308_143607.jpg\" alt=\"\" class=\"wp-image-6102\" srcset=\"https:\/\/www.berthold-gymnasium.de\/wp-content\/uploads\/2023\/11\/IMG_20200308_143607.jpg 667w, https:\/\/www.berthold-gymnasium.de\/wp-content\/uploads\/2023\/11\/IMG_20200308_143607-300x225.jpg 300w, https:\/\/www.berthold-gymnasium.de\/wp-content\/uploads\/2023\/11\/IMG_20200308_143607-200x150.jpg 200w\" sizes=\"auto, (max-width: 667px) 100vw, 667px\" \/><\/figure>\n<\/figure>\n\n\n\n<p>F\u00fcr die <strong>Skinachmittage <\/strong>fahren wir jedes Jahr im Januar \/ Februar regelm\u00e4\u00dfig montags zum Schneesport.<br>Ziel ist wie in den vergangenen Jahren das Feldberggebiet.<br><\/p>\n\n\n\n<p><\/p>\n\n\n\n<p class=\"has-medium-font-size\"><strong>Mehrtagesfahrten<\/strong> nach Engelberg<\/p>\n\n\n\n<p>In langj\u00e4hriger Tradition werden wir auch diesen Winter wieder Mehrtagesfahrten in die Schweizer Alpen durchf\u00fchren. F\u00fcr diese Fahrten sollten sich nur ge\u00fcbte Fahrer anmelden, da durch die L\u00e4nge der Abfahrten, die gro\u00dfen H\u00f6henunterschiede und durch das neue, evtl. unbekannte Gel\u00e4nde hohe Anforderungen an Technik, Kraft, Ausdauer und Konzentration gestellt werden. Die Sch\u00fcler*innen d\u00fcrfen in Gruppen von mindestens 3 Personen an vorher besichtigten und vorgegebenen Liften frei fahren.<\/p>\n\n\n\n<p><\/p>\n\n\n\n<p><\/p>\n\n\n\n<p><\/p>\n","protected":false},"excerpt":{"rendered":"<p>Skinachmittage am Feldberg und Mehrtagesfahrten nach Engelberg<\/p>\n","protected":false},"author":6,"featured_media":6099,"comment_status":"closed","ping_status":"closed","sticky":false,"template":"","format":"standard","meta":{"_FSMCFIC_featured_image_caption":"","_FSMCFIC_featured_image_nocaption":"","_FSMCFIC_featured_image_hide":"","footnotes":""},"categories":[27,29,4],"tags":[],"class_list":["post-6096","post","type-post","status-publish","format-standard","has-post-thumbnail","hentry","category-ag","category-startseite","category-sport"],"publishpress_future_action":{"enabled":false,"date":"2026-05-06 10:38:20","action":"change-status","newStatus":"draft","terms":[],"taxonomy":"category","extraData":[]},"publishpress_future_workflow_manual_trigger":{"enabledWorkflows":[]},"_links":{"self":[{"href":"https:\/\/www.berthold-gymnasium.de\/index.php?rest_route=\/wp\/v2\/posts\/6096","targetHints":{"allow":["GET"]}}],"collection":[{"href":"https:\/\/www.berthold-gymnasium.de\/index.php?rest_route=\/wp\/v2\/posts"}],"about":[{"href":"https:\/\/www.berthold-gymnasium.de\/index.php?rest_route=\/wp\/v2\/types\/post"}],"author":[{"embeddable":true,"href":"https:\/\/www.berthold-gymnasium.de\/index.php?rest_route=\/wp\/v2\/users\/6"}],"replies":[{"embeddable":true,"href":"https:\/\/www.berthold-gymnasium.de\/index.php?rest_route=%2Fwp%2Fv2%2Fcomments&post=6096"}],"version-history":[{"count":4,"href":"https:\/\/www.berthold-gymnasium.de\/index.php?rest_route=\/wp\/v2\/posts\/6096\/revisions"}],"predecessor-version":[{"id":7524,"href":"https:\/\/www.berthold-gymnasium.de\/index.php?rest_route=\/wp\/v2\/posts\/6096\/revisions\/7524"}],"wp:featuredmedia":[{"embeddable":true,"href":"https:\/\/www.berthold-gymnasium.de\/index.php?rest_route=\/wp\/v2\/media\/6099"}],"wp:attachment":[{"href":"https:\/\/www.berthold-gymnasium.de\/index.php?rest_route=%2Fwp%2Fv2%2Fmedia&parent=6096"}],"wp:term":[{"taxonomy":"category","embeddable":true,"href":"https:\/\/www.berthold-gymnasium.de\/index.php?rest_route=%2Fwp%2Fv2%2Fcategories&post=6096"},{"taxonomy":"post_tag","embeddable":true,"href":"https:\/\/www.berthold-gymnasium.de\/index.php?rest_route=%2Fwp%2Fv2%2Ftags&post=6096"}],"curies":[{"name":"wp","href":"https:\/\/api.w.org\/{rel}","templated":true}]}}