{"id":6284,"date":"2024-02-27T19:53:28","date_gmt":"2024-02-27T18:53:28","guid":{"rendered":"https:\/\/www.berthold-gymnasium.de\/?p=6284"},"modified":"2024-02-27T20:06:49","modified_gmt":"2024-02-27T19:06:49","slug":"jugend-debattiert-wir-sind-dabei","status":"publish","type":"post","link":"https:\/\/www.berthold-gymnasium.de\/?p=6284","title":{"rendered":"JUGEND DEBATTIERT &#8211; Wir sind dabei!"},"content":{"rendered":"\n<p>Zwei grandiose erste Pl\u00e4tze f\u00fcr Lotta Denz und Leo Stephan P\u00e9rez beim Regionalwettbewerb \u201eJugend debattiert\u201c<\/p>\n\n\n\n<!--more-->\n\n\n\n<p>Am 23. Februar 2024 fand der Regionalwettbewerb &#8222;Jugend debattiert&#8220; am Freiburger St. Ursula Gymnasium statt. Gegen Sch\u00fcler:innen aus sechs weiteren Schulen debattierten<br>Leo Stephan P\u00e9rez, Silas Zumfelde und Oskar Schulin (alle K1), Lars Eggert (10b) sowie Sophia Stephan P\u00e9rez und Lotta Denz (beide 9a). Als Jurorinnen\/Zeitw\u00e4chter waren Clemens Holtstr\u00e4ter (9a), Frau Himsworth, Frau Walz und Frau Geyer dabei.<br>Wir sind stolz auf alle mutigen Debattant:innen und freuen uns \u00fcber zwei grandiose erste Pl\u00e4tze f\u00fcr Lotta Denz und Leo Stephan P\u00e9rez, die nun am 19. April auf Landesebene in Stuttgart antreten werden: Herzlichen Gl\u00fcckwunsch!<\/p>\n\n\n\n<div class=\"wp-block-columns is-layout-flex wp-container-core-columns-is-layout-9d6595d7 wp-block-columns-is-layout-flex\">\n<div class=\"wp-block-column is-layout-flow wp-block-column-is-layout-flow\">\n<figure class=\"wp-block-image size-full\"><img loading=\"lazy\" decoding=\"async\" width=\"997\" height=\"660\" src=\"https:\/\/www.berthold-gymnasium.de\/wp-content\/uploads\/2024\/02\/IMG_0193nkl.jpg\" alt=\"\" class=\"wp-image-6287\" srcset=\"https:\/\/www.berthold-gymnasium.de\/wp-content\/uploads\/2024\/02\/IMG_0193nkl.jpg 997w, https:\/\/www.berthold-gymnasium.de\/wp-content\/uploads\/2024\/02\/IMG_0193nkl-300x199.jpg 300w, https:\/\/www.berthold-gymnasium.de\/wp-content\/uploads\/2024\/02\/IMG_0193nkl-227x150.jpg 227w, https:\/\/www.berthold-gymnasium.de\/wp-content\/uploads\/2024\/02\/IMG_0193nkl-768x508.jpg 768w\" sizes=\"auto, (max-width: 997px) 100vw, 997px\" \/><\/figure>\n<\/div>\n\n\n\n<div class=\"wp-block-column is-layout-flow wp-block-column-is-layout-flow\">\n<figure class=\"wp-block-image size-full\"><img loading=\"lazy\" decoding=\"async\" width=\"800\" height=\"519\" src=\"https:\/\/www.berthold-gymnasium.de\/wp-content\/uploads\/2024\/02\/IMG_0193klm.jpg\" alt=\"\" class=\"wp-image-6297\" srcset=\"https:\/\/www.berthold-gymnasium.de\/wp-content\/uploads\/2024\/02\/IMG_0193klm.jpg 800w, https:\/\/www.berthold-gymnasium.de\/wp-content\/uploads\/2024\/02\/IMG_0193klm-300x195.jpg 300w, https:\/\/www.berthold-gymnasium.de\/wp-content\/uploads\/2024\/02\/IMG_0193klm-231x150.jpg 231w, https:\/\/www.berthold-gymnasium.de\/wp-content\/uploads\/2024\/02\/IMG_0193klm-768x498.jpg 768w\" sizes=\"auto, (max-width: 800px) 100vw, 800px\" \/><\/figure>\n<\/div>\n<\/div>\n","protected":false},"excerpt":{"rendered":"<p>Zwei grandiose erste Pl\u00e4tze f\u00fcr Lotta Denz und Leo Stephan P\u00e9rez beim Regionalwettbewerb \u201eJugend debattiert\u201c<\/p>\n","protected":false},"author":6,"featured_media":6285,"comment_status":"closed","ping_status":"closed","sticky":false,"template":"","format":"standard","meta":{"_FSMCFIC_featured_image_caption":"","_FSMCFIC_featured_image_nocaption":"","_FSMCFIC_featured_image_hide":"","footnotes":""},"categories":[29],"tags":[],"class_list":["post-6284","post","type-post","status-publish","format-standard","has-post-thumbnail","hentry","category-startseite"],"publishpress_future_action":{"enabled":false,"date":"2026-05-08 10:31:12","action":"change-status","newStatus":"draft","terms":[],"taxonomy":"category","extraData":[]},"publishpress_future_workflow_manual_trigger":{"enabledWorkflows":[]},"_links":{"self":[{"href":"https:\/\/www.berthold-gymnasium.de\/index.php?rest_route=\/wp\/v2\/posts\/6284","targetHints":{"allow":["GET"]}}],"collection":[{"href":"https:\/\/www.berthold-gymnasium.de\/index.php?rest_route=\/wp\/v2\/posts"}],"about":[{"href":"https:\/\/www.berthold-gymnasium.de\/index.php?rest_route=\/wp\/v2\/types\/post"}],"author":[{"embeddable":true,"href":"https:\/\/www.berthold-gymnasium.de\/index.php?rest_route=\/wp\/v2\/users\/6"}],"replies":[{"embeddable":true,"href":"https:\/\/www.berthold-gymnasium.de\/index.php?rest_route=%2Fwp%2Fv2%2Fcomments&post=6284"}],"version-history":[{"count":5,"href":"https:\/\/www.berthold-gymnasium.de\/index.php?rest_route=\/wp\/v2\/posts\/6284\/revisions"}],"predecessor-version":[{"id":6303,"href":"https:\/\/www.berthold-gymnasium.de\/index.php?rest_route=\/wp\/v2\/posts\/6284\/revisions\/6303"}],"wp:featuredmedia":[{"embeddable":true,"href":"https:\/\/www.berthold-gymnasium.de\/index.php?rest_route=\/wp\/v2\/media\/6285"}],"wp:attachment":[{"href":"https:\/\/www.berthold-gymnasium.de\/index.php?rest_route=%2Fwp%2Fv2%2Fmedia&parent=6284"}],"wp:term":[{"taxonomy":"category","embeddable":true,"href":"https:\/\/www.berthold-gymnasium.de\/index.php?rest_route=%2Fwp%2Fv2%2Fcategories&post=6284"},{"taxonomy":"post_tag","embeddable":true,"href":"https:\/\/www.berthold-gymnasium.de\/index.php?rest_route=%2Fwp%2Fv2%2Ftags&post=6284"}],"curies":[{"name":"wp","href":"https:\/\/api.w.org\/{rel}","templated":true}]}}