{"id":6329,"date":"2024-03-12T16:07:26","date_gmt":"2024-03-12T15:07:26","guid":{"rendered":"https:\/\/www.berthold-gymnasium.de\/?p=6329"},"modified":"2024-03-23T19:40:47","modified_gmt":"2024-03-23T18:40:47","slug":"6329","status":"publish","type":"post","link":"https:\/\/www.berthold-gymnasium.de\/?p=6329","title":{"rendered":"Freiburger Jugendforum.komm"},"content":{"rendered":"\n<p>Wahl Spezial f\u00fcr Erstw\u00e4hler*innen zur Freiburger Gemeinderatswahl 2024<\/p>\n\n\n\n<!--more-->\n\n\n\n<div class=\"wp-block-media-text is-stacked-on-mobile\"><figure class=\"wp-block-media-text__media\"><img loading=\"lazy\" decoding=\"async\" width=\"856\" height=\"1024\" src=\"https:\/\/www.berthold-gymnasium.de\/wp-content\/uploads\/2024\/03\/C7C6BE69-1CFF-44D5-9E43-750338BDA24D-856x1024.jpg\" alt=\"\" class=\"wp-image-6332 size-full\" srcset=\"https:\/\/www.berthold-gymnasium.de\/wp-content\/uploads\/2024\/03\/C7C6BE69-1CFF-44D5-9E43-750338BDA24D-856x1024.jpg 856w, https:\/\/www.berthold-gymnasium.de\/wp-content\/uploads\/2024\/03\/C7C6BE69-1CFF-44D5-9E43-750338BDA24D-251x300.jpg 251w, https:\/\/www.berthold-gymnasium.de\/wp-content\/uploads\/2024\/03\/C7C6BE69-1CFF-44D5-9E43-750338BDA24D-125x150.jpg 125w, https:\/\/www.berthold-gymnasium.de\/wp-content\/uploads\/2024\/03\/C7C6BE69-1CFF-44D5-9E43-750338BDA24D-768x919.jpg 768w, https:\/\/www.berthold-gymnasium.de\/wp-content\/uploads\/2024\/03\/C7C6BE69-1CFF-44D5-9E43-750338BDA24D-1283x1536.jpg 1283w, https:\/\/www.berthold-gymnasium.de\/wp-content\/uploads\/2024\/03\/C7C6BE69-1CFF-44D5-9E43-750338BDA24D-1711x2048.jpg 1711w\" sizes=\"auto, (max-width: 856px) 100vw, 856px\" \/><\/figure><div class=\"wp-block-media-text__content\">\n<p>Mit der gesamten Kursstufe 1 und beiden 10. Klassen war das BG beim diesj\u00e4hrigen \u201eFreiburger Jugendforum.komm\u201c am 7. M\u00e4rz im Haus der Jugend dabei.<br>Warum? Weil in diesem Jahr Jugendliche ab 16 Jahren nicht nur ihren Gemeinderat mitw\u00e4hlen d\u00fcrfen, sondern weil erstmals junge Menschen ab 16 Jahren auch in den Gemeinderat gew\u00e4hlt werden k\u00f6nnen.<br>Grund und Anlass genug f\u00fcr ein Jugendforum f\u00fcr und mit insgesamt 170 Freiburger Erstw\u00e4hler*innen. Ein Forum mit aktuellen Infos zur Wahl, mit intensiven Gespr\u00e4chen untereinander, mit Kandidierenden vor Ort und einem gemeinsamen Pizzaessen.<br><\/p>\n<\/div><\/div>\n\n\n\n<p><br><\/p>\n\n\n\n<p>Und es geht noch weiter, denn auf der Seite des Jugendb\u00fcros k\u00f6nnt Ihr auch weiterhin Eure jugendpolitischen Forderungen an den k\u00fcnftigen Gemeinderat stellen und Euch rund um die Gemeinderatswahl informieren:<br><a href=\"https:\/\/www.freiburgxtra.de\/waehlen-16plus\/\" target=\"_blank\" rel=\"noreferrer noopener\">https:\/\/www.freiburgxtra.de\/waehlen-16plus\/<\/a><\/p>\n\n\n\n<figure class=\"wp-block-image size-large\"><img loading=\"lazy\" decoding=\"async\" width=\"1024\" height=\"529\" src=\"https:\/\/www.berthold-gymnasium.de\/wp-content\/uploads\/2024\/03\/5D61BEF9-F095-4384-8DA3-52FE62ED8EB4-1-1024x529.jpeg\" alt=\"\" class=\"wp-image-6331\" srcset=\"https:\/\/www.berthold-gymnasium.de\/wp-content\/uploads\/2024\/03\/5D61BEF9-F095-4384-8DA3-52FE62ED8EB4-1-1024x529.jpeg 1024w, https:\/\/www.berthold-gymnasium.de\/wp-content\/uploads\/2024\/03\/5D61BEF9-F095-4384-8DA3-52FE62ED8EB4-1-300x155.jpeg 300w, https:\/\/www.berthold-gymnasium.de\/wp-content\/uploads\/2024\/03\/5D61BEF9-F095-4384-8DA3-52FE62ED8EB4-1-291x150.jpeg 291w, https:\/\/www.berthold-gymnasium.de\/wp-content\/uploads\/2024\/03\/5D61BEF9-F095-4384-8DA3-52FE62ED8EB4-1-768x396.jpeg 768w, https:\/\/www.berthold-gymnasium.de\/wp-content\/uploads\/2024\/03\/5D61BEF9-F095-4384-8DA3-52FE62ED8EB4-1-1536x793.jpeg 1536w, https:\/\/www.berthold-gymnasium.de\/wp-content\/uploads\/2024\/03\/5D61BEF9-F095-4384-8DA3-52FE62ED8EB4-1-2048x1057.jpeg 2048w\" sizes=\"auto, (max-width: 1024px) 100vw, 1024px\" \/><\/figure>\n","protected":false},"excerpt":{"rendered":"<p>Wahl Spezial f\u00fcr Erstw\u00e4hler*innen zur Freiburger Gemeinderatswahl 2024<\/p>\n","protected":false},"author":6,"featured_media":6330,"comment_status":"closed","ping_status":"closed","sticky":false,"template":"","format":"standard","meta":{"_FSMCFIC_featured_image_caption":"","_FSMCFIC_featured_image_nocaption":"","_FSMCFIC_featured_image_hide":"","footnotes":""},"categories":[1,29,46,11],"tags":[],"class_list":["post-6329","post","type-post","status-publish","format-standard","has-post-thumbnail","hentry","category-allgemein","category-startseite","category-mitbestimmung","category-neuigkeiten"],"publishpress_future_action":{"enabled":false,"date":"2026-05-06 10:30:06","action":"change-status","newStatus":"draft","terms":[],"taxonomy":"category","extraData":[]},"publishpress_future_workflow_manual_trigger":{"enabledWorkflows":[]},"_links":{"self":[{"href":"https:\/\/www.berthold-gymnasium.de\/index.php?rest_route=\/wp\/v2\/posts\/6329","targetHints":{"allow":["GET"]}}],"collection":[{"href":"https:\/\/www.berthold-gymnasium.de\/index.php?rest_route=\/wp\/v2\/posts"}],"about":[{"href":"https:\/\/www.berthold-gymnasium.de\/index.php?rest_route=\/wp\/v2\/types\/post"}],"author":[{"embeddable":true,"href":"https:\/\/www.berthold-gymnasium.de\/index.php?rest_route=\/wp\/v2\/users\/6"}],"replies":[{"embeddable":true,"href":"https:\/\/www.berthold-gymnasium.de\/index.php?rest_route=%2Fwp%2Fv2%2Fcomments&post=6329"}],"version-history":[{"count":3,"href":"https:\/\/www.berthold-gymnasium.de\/index.php?rest_route=\/wp\/v2\/posts\/6329\/revisions"}],"predecessor-version":[{"id":6337,"href":"https:\/\/www.berthold-gymnasium.de\/index.php?rest_route=\/wp\/v2\/posts\/6329\/revisions\/6337"}],"wp:featuredmedia":[{"embeddable":true,"href":"https:\/\/www.berthold-gymnasium.de\/index.php?rest_route=\/wp\/v2\/media\/6330"}],"wp:attachment":[{"href":"https:\/\/www.berthold-gymnasium.de\/index.php?rest_route=%2Fwp%2Fv2%2Fmedia&parent=6329"}],"wp:term":[{"taxonomy":"category","embeddable":true,"href":"https:\/\/www.berthold-gymnasium.de\/index.php?rest_route=%2Fwp%2Fv2%2Fcategories&post=6329"},{"taxonomy":"post_tag","embeddable":true,"href":"https:\/\/www.berthold-gymnasium.de\/index.php?rest_route=%2Fwp%2Fv2%2Ftags&post=6329"}],"curies":[{"name":"wp","href":"https:\/\/api.w.org\/{rel}","templated":true}]}}