{"id":6381,"date":"2024-03-23T17:50:05","date_gmt":"2024-03-23T16:50:05","guid":{"rendered":"https:\/\/www.berthold-gymnasium.de\/?p=6381"},"modified":"2024-03-29T22:08:10","modified_gmt":"2024-03-29T21:08:10","slug":"unser-klimaquartier-waldsee-teil-1","status":"publish","type":"post","link":"https:\/\/www.berthold-gymnasium.de\/?p=6381","title":{"rendered":"Unser Klimaquartier Waldsee &#8211;                      Projekt M\u00fclltrennung am BG\u00a0"},"content":{"rendered":"\n<p><\/p>\n\n\n\n<h5 class=\"wp-block-heading\">Klimaschutzideen f\u00fcr den Freiburger Osten<\/h5>\n\n\n\n<!--more-->\n\n\n\n<div style=\"height:0px\" aria-hidden=\"true\" class=\"wp-block-spacer\"><\/div>\n\n\n\n<p><\/p>\n\n\n\n<p>schon beim Start 2023 engagierte sich das Berthold-Gymnasium <\/p>\n\n\n\n<p><a href=\"https:\/\/www.freiburg.de\/pb\/1605138.html\">https:\/\/www.freiburg.de\/pb\/1605138.html<\/a><\/p>\n\n\n\n<div class=\"wp-block-media-text has-media-on-the-right is-stacked-on-mobile\" style=\"grid-template-columns:auto 39%\"><div class=\"wp-block-media-text__content\">\n<p>Das Freiburger\u00a0 Leuchtturmprojekt\u00a0\u201eUnser Klimaquartier Waldsee\u201c zielt darauf ab,\u00a0B\u00fcrgerinnen und B\u00fcrger f\u00fcr den Klimaschutz zu begeistern. Gemeinsam mit vielen engagierten Partnern soll der CO2-Aussto\u00df im Freiburger Stadtviertel \u201eWaldsee\u201c gemindert, das nachbarschaftliche Engagement gef\u00f6rdert und die Lebensqualit\u00e4t verbessert werden.\u00a0<\/p>\n<\/div><figure class=\"wp-block-media-text__media\"><img loading=\"lazy\" decoding=\"async\" width=\"574\" height=\"600\" src=\"https:\/\/www.berthold-gymnasium.de\/wp-content\/uploads\/2024\/03\/IMG_1267.jpeg\" alt=\"\" class=\"wp-image-6493 size-full\" srcset=\"https:\/\/www.berthold-gymnasium.de\/wp-content\/uploads\/2024\/03\/IMG_1267.jpeg 574w, https:\/\/www.berthold-gymnasium.de\/wp-content\/uploads\/2024\/03\/IMG_1267-287x300.jpeg 287w, https:\/\/www.berthold-gymnasium.de\/wp-content\/uploads\/2024\/03\/IMG_1267-144x150.jpeg 144w\" sizes=\"auto, (max-width: 574px) 100vw, 574px\" \/><\/figure><\/div>\n\n\n\n<p> <\/p>\n\n\n\n<p>Mit einer Unterst\u00fctzung von 5000 Euro aus dem F\u00f6rdertopf der Stadt haben Sch\u00fcler*innen des BG im Schuljahr 22\/23 ein Konzept zur M\u00fclltrennung an der Schule entwickelt und in Kooperation mit der Schulleitung, den Vertrauenslehrern, dem Umweltamt und dem Amt f\u00fcr Abfallwirtschaft erfolgreich umgesetzt. Neue M\u00fcllbeh\u00e4lter in Klassenzimmer und Fluren erm\u00f6glichen nun die M\u00fclltrennung, Infotafeln h\u00e4ngen in jedem Klassenzimmer. Ein zus\u00e4tzlicher Container f\u00fcr die Abfuhr von gelben S\u00e4cke wurde drau\u00dfen aufgestellt. Geplant ist noch ein Workshop zum Upcycling.\u00a0 <\/p>\n\n\n\n<p>&nbsp;<\/p>\n\n\n\n<p><a href=\"https:\/\/www.freiburgxtra.de\/projekte\/muelltrennung\/\">https:\/\/www.freiburgxtra.de\/projekte\/muelltrennung\/<\/a><\/p>\n","protected":false},"excerpt":{"rendered":"<p>Klimaschutzideen f\u00fcr den Freiburger Osten<\/p>\n","protected":false},"author":6,"featured_media":6444,"comment_status":"closed","ping_status":"closed","sticky":false,"template":"","format":"standard","meta":{"_FSMCFIC_featured_image_caption":"","_FSMCFIC_featured_image_nocaption":"","_FSMCFIC_featured_image_hide":"","footnotes":""},"categories":[78,29,46],"tags":[],"class_list":["post-6381","post","type-post","status-publish","format-standard","has-post-thumbnail","hentry","category-gruene-schule","category-startseite","category-mitbestimmung"],"publishpress_future_action":{"enabled":false,"date":"2026-05-04 21:30:37","action":"change-status","newStatus":"draft","terms":[],"taxonomy":"category","extraData":[]},"publishpress_future_workflow_manual_trigger":{"enabledWorkflows":[]},"_links":{"self":[{"href":"https:\/\/www.berthold-gymnasium.de\/index.php?rest_route=\/wp\/v2\/posts\/6381","targetHints":{"allow":["GET"]}}],"collection":[{"href":"https:\/\/www.berthold-gymnasium.de\/index.php?rest_route=\/wp\/v2\/posts"}],"about":[{"href":"https:\/\/www.berthold-gymnasium.de\/index.php?rest_route=\/wp\/v2\/types\/post"}],"author":[{"embeddable":true,"href":"https:\/\/www.berthold-gymnasium.de\/index.php?rest_route=\/wp\/v2\/users\/6"}],"replies":[{"embeddable":true,"href":"https:\/\/www.berthold-gymnasium.de\/index.php?rest_route=%2Fwp%2Fv2%2Fcomments&post=6381"}],"version-history":[{"count":5,"href":"https:\/\/www.berthold-gymnasium.de\/index.php?rest_route=\/wp\/v2\/posts\/6381\/revisions"}],"predecessor-version":[{"id":6496,"href":"https:\/\/www.berthold-gymnasium.de\/index.php?rest_route=\/wp\/v2\/posts\/6381\/revisions\/6496"}],"wp:featuredmedia":[{"embeddable":true,"href":"https:\/\/www.berthold-gymnasium.de\/index.php?rest_route=\/wp\/v2\/media\/6444"}],"wp:attachment":[{"href":"https:\/\/www.berthold-gymnasium.de\/index.php?rest_route=%2Fwp%2Fv2%2Fmedia&parent=6381"}],"wp:term":[{"taxonomy":"category","embeddable":true,"href":"https:\/\/www.berthold-gymnasium.de\/index.php?rest_route=%2Fwp%2Fv2%2Fcategories&post=6381"},{"taxonomy":"post_tag","embeddable":true,"href":"https:\/\/www.berthold-gymnasium.de\/index.php?rest_route=%2Fwp%2Fv2%2Ftags&post=6381"}],"curies":[{"name":"wp","href":"https:\/\/api.w.org\/{rel}","templated":true}]}}