{"id":6403,"date":"2024-03-23T18:44:29","date_gmt":"2024-03-23T17:44:29","guid":{"rendered":"https:\/\/www.berthold-gymnasium.de\/?p=6403"},"modified":"2024-03-23T18:48:02","modified_gmt":"2024-03-23T17:48:02","slug":"seminarkurs-2","status":"publish","type":"post","link":"https:\/\/www.berthold-gymnasium.de\/?p=6403","title":{"rendered":"Seminarkurs Democracy in Danger &#8211;"},"content":{"rendered":"\n<p><strong> Wie k\u00f6nnen wir heute und in Zukunft Demokratie verteidigen und st\u00e4rken? (24\/25)<\/strong><\/p>\n\n\n\n<!--more-->\n\n\n\n<h5 class=\"wp-block-heading\"><strong>Die Demokratie ger\u00e4t einer Studie zufolge weltweit zunehmend unter Druck: Die Zahl der Demokratien unter den Entwicklungs- und Schwellenl\u00e4ndern sank demnach auf den tiefsten Stand seit 20 Jahren. Es gibt aber auch viele positive Beispiele: L\u00e4nder mit guten Entwicklungen ihres Bildungs- und Gesundheitssystems und der St\u00e4rkung ihrer Demokratie. Gute Politik ist demnach langfristig geplant, transparent und am Gemeinwohl ausgerichtet. Die Stabilit\u00e4t demokratischer Ordnungen h\u00e4ngt ma\u00dfgeblich von rechtsstaatlich verankerten, funktionierenden und akzeptierten demokratischen Institutionen und der St\u00e4rkung der Zivilgesellschaft ab.<\/strong><\/h5>\n\n\n\n<p><\/p>\n\n\n\n<p><strong>Wir entwickeln eigene Ideen und Projekte rund um das Thema<\/strong><\/p>\n\n\n\n<ul class=\"wp-block-list\">\n<li>z.B. wie k\u00f6nnen wir in der Schule oder in der Stadt Strukturen schaffen und ausbauen, die demokratisches und zivilgesellschaftliches Engagement st\u00e4rken?<\/li>\n<\/ul>\n\n\n\n<p><strong>Wir unternehmen Exkursionen<\/strong><\/p>\n\n\n\n<ul class=\"wp-block-list\">\n<li>z.B. Europ\u00e4ischer Gerichtshof f\u00fcr Menschenrechte und Europaparlament Stra\u00dfburg<\/li>\n\n\n\n<li>Bundesverfassungsgericht Karlsruhe<\/li>\n<\/ul>\n\n\n\n<p><strong>Wir diskutieren mit Experten&nbsp; aus Wissenschaft und Praxis<\/strong><\/p>\n\n\n\n<ul class=\"wp-block-list\">\n<li>z.B. mit Wissenschaftler*innen der Uni Freiburg<\/li>\n\n\n\n<li>z.B. mit Vertreter*innen von NGOs (Freiburger Friedensforum, Amnesty International)<\/li>\n<\/ul>\n\n\n\n<p><strong>Wir zeigen eine Ausstellung in der Schule<\/strong> \u201e<em>Demokratie st\u00e4rken \u2013 Rechtsextremismus bek\u00e4mpfen\u201c und Ihr seid die Guides f\u00fcr die anderen Klassen und Kurse<\/em><\/p>\n","protected":false},"excerpt":{"rendered":"<p>Wie k\u00f6nnen wir heute und in Zukunft Demokratie verteidigen und st\u00e4rken? (24\/25)<\/p>\n","protected":false},"author":6,"featured_media":0,"comment_status":"closed","ping_status":"closed","sticky":false,"template":"","format":"standard","meta":{"_FSMCFIC_featured_image_caption":"","_FSMCFIC_featured_image_nocaption":"","_FSMCFIC_featured_image_hide":"","footnotes":""},"categories":[69,81],"tags":[],"class_list":["post-6403","post","type-post","status-publish","format-standard","hentry","category-fachvorstellung_kursstufe","category-kursstufe"],"publishpress_future_action":{"enabled":false,"date":"2026-05-04 18:09:57","action":"change-status","newStatus":"draft","terms":[],"taxonomy":"category","extraData":[]},"publishpress_future_workflow_manual_trigger":{"enabledWorkflows":[]},"_links":{"self":[{"href":"https:\/\/www.berthold-gymnasium.de\/index.php?rest_route=\/wp\/v2\/posts\/6403","targetHints":{"allow":["GET"]}}],"collection":[{"href":"https:\/\/www.berthold-gymnasium.de\/index.php?rest_route=\/wp\/v2\/posts"}],"about":[{"href":"https:\/\/www.berthold-gymnasium.de\/index.php?rest_route=\/wp\/v2\/types\/post"}],"author":[{"embeddable":true,"href":"https:\/\/www.berthold-gymnasium.de\/index.php?rest_route=\/wp\/v2\/users\/6"}],"replies":[{"embeddable":true,"href":"https:\/\/www.berthold-gymnasium.de\/index.php?rest_route=%2Fwp%2Fv2%2Fcomments&post=6403"}],"version-history":[{"count":2,"href":"https:\/\/www.berthold-gymnasium.de\/index.php?rest_route=\/wp\/v2\/posts\/6403\/revisions"}],"predecessor-version":[{"id":6406,"href":"https:\/\/www.berthold-gymnasium.de\/index.php?rest_route=\/wp\/v2\/posts\/6403\/revisions\/6406"}],"wp:attachment":[{"href":"https:\/\/www.berthold-gymnasium.de\/index.php?rest_route=%2Fwp%2Fv2%2Fmedia&parent=6403"}],"wp:term":[{"taxonomy":"category","embeddable":true,"href":"https:\/\/www.berthold-gymnasium.de\/index.php?rest_route=%2Fwp%2Fv2%2Fcategories&post=6403"},{"taxonomy":"post_tag","embeddable":true,"href":"https:\/\/www.berthold-gymnasium.de\/index.php?rest_route=%2Fwp%2Fv2%2Ftags&post=6403"}],"curies":[{"name":"wp","href":"https:\/\/api.w.org\/{rel}","templated":true}]}}