{"id":6530,"date":"2024-03-31T21:46:19","date_gmt":"2024-03-31T19:46:19","guid":{"rendered":"https:\/\/www.berthold-gymnasium.de\/?p=6530"},"modified":"2024-07-03T16:05:44","modified_gmt":"2024-07-03T14:05:44","slug":"bg-kulturwoche-2024","status":"publish","type":"post","link":"https:\/\/www.berthold-gymnasium.de\/?p=6530","title":{"rendered":"BG-Kulturwoche 2024"},"content":{"rendered":"\n<p>Eine Woche geballte Kultur zwischen 3. und 10. Juni 2024.<br>Einlass nur mit Ticket! Jetzt Gratis-Ticket sichern!<\/p>\n\n\n\n<!--more-->\n\n\n\n<p>\u00dcber 100 Sch\u00fclerinnen und Sch\u00fcler aller Klassenstufen pr\u00e4sentieren an folgenden Tagen:<\/p>\n\n\n\n<ul class=\"wp-block-list\">\n<li>Am <strong>Dienstag, 4. Juni<\/strong> um <strong>18 Uhr<\/strong> spielen die Jung-Schauspieler:innen der 5. Klassen das selbst geschriebene St\u00fcck <strong>\u201eDie Werw\u00f6lfe\u201c<\/strong> auf (Leitung: Charlotte Michler, Paula Schenek, Almut Schultz). <br><br><div><a class=\"eveenoButton blue\" href=\"https:\/\/eveeno.com\/334561311\" target=\"_blank\" rel=\"noopener\">Jetzt Eintrittskarte f\u00fcr 4. Juni 18 Uhr reservieren<\/a><\/div><br><div><style scoped=\"\">.eveenoButton:link, .eveenoButton:visited, .eveenoButton:focus, .eveenoButton:hover, .eveenoButton:active {color: #fff; text-decoration: none;}.eveenoButton {color:#fff; cursor:pointer; display:inline-block; font-family:arial,helvetica,sans-serif; line-height:38px; font-size:16px; padding:0px 30px; text-align:center;}.eveenoButton.blue {background-color:#337ab7}.eveenoButton.blue:hover,.eveenoButton.blue:focus,.eveenoButton.blue:active {background-color:#265a88;}<\/style><\/div><\/li>\n\n\n\n<li>Am <strong>Freitag, 7. Juni , 18 Uhr<\/strong>, wird das gro\u00dfe <strong>Schulkonzert<\/strong> mit Chor, Orchester, Ensembles und Band\u00a0 aufgef\u00fchrt. Der Bogen spannt sich von Felix Mendelssohns Sommernachtstraum \u00fcber Filmmusik und Popsongs hin zu Rockmusik. (Leitung: Christine Vogtmeier, Stephan Dick). <br><br> <div><a class=\"eveenoButton blue\" href=\"https:\/\/eveeno.com\/152957348\" target=\"_blank\" rel=\"noopener\">Jetzt Eintrittskarte f\u00fcr 7. Juni 18 Uhr reservieren<\/a><\/div><br><div><style scoped=\"\">.eveenoButton:link, .eveenoButton:visited, .eveenoButton:focus, .eveenoButton:hover, .eveenoButton:active {color: #fff; text-decoration: none;}.eveenoButton {color:#fff; cursor:pointer; display:inline-block; font-family:arial,helvetica,sans-serif; line-height:38px; font-size:16px; padding:0px 30px; text-align:center;}.eveenoButton.blue {background-color:#337ab7}.eveenoButton.blue:hover,.eveenoButton.blue:focus,.eveenoButton.blue:active {background-color:#265a88;}<\/style><\/div><\/li>\n\n\n\n<li>Am <strong>Montag, 10. Juni, 16 und 18 Uhr <\/strong>&nbsp;f\u00fchrt die Theater-AG der Klassen 6 und 7 den <strong>\u201eSommernachtstraum\u201c<\/strong> mit Orchester-Musik von Mendelssohn auf (Leitung: Martin Sturm, Regie-Assistenz: Lenz Homburger, Tobias Scholz, Musik: Christine Vogtmeier). <br><br> <div><a class=\"eveenoButton blue\" href=\"https:\/\/eveeno.com\/321653197\" target=\"_blank\" rel=\"noopener\">Jetzt Eintrittskarte f\u00fcr 10. Juni 16 Uhr reservieren<\/a><\/div><br><div><style scoped=\"\">.eveenoButton:link, .eveenoButton:visited, .eveenoButton:focus, .eveenoButton:hover, .eveenoButton:active {color: #fff; text-decoration: none;}.eveenoButton {color:#fff; cursor:pointer; display:inline-block; font-family:arial,helvetica,sans-serif; line-height:38px; font-size:16px; padding:0px 30px; text-align:center;}.eveenoButton.blue {background-color:#337ab7}.eveenoButton.blue:hover,.eveenoButton.blue:focus,.eveenoButton.blue:active {background-color:#265a88;}<\/style><\/div> <div><a class=\"eveenoButton blue\" href=\"https:\/\/eveeno.com\/316615559\" target=\"_blank\" rel=\"noopener\">Jetzt Eintrittskarte f\u00fcr 10. Juni 18 Uhr reservieren<\/a><style scoped=\"\">.eveenoButton:link, .eveenoButton:visited, .eveenoButton:focus, .eveenoButton:hover, .eveenoButton:active {color: #fff; text-decoration: none;}.eveenoButton {color:#fff; cursor:pointer; display:inline-block; font-family:arial,helvetica,sans-serif; line-height:38px; font-size:16px; padding:0px 30px; text-align:center;}.eveenoButton.blue {background-color:#337ab7}.eveenoButton.blue:hover,.eveenoButton.blue:focus,.eveenoButton.blue:active {background-color:#265a88;}<\/style><\/div><\/li>\n<\/ul>\n\n\n\n<p>Tickets m\u00fcssen am Einlass vorgezeigt werden, entweder als QR-Code auf dem Handy oder als ausgedruckte Eintrittskarte. Sie erhalten beide Versionen mit Ihrer Buchung.<\/p>\n","protected":false},"excerpt":{"rendered":"<p>Eine Woche geballte Kultur zwischen 3. und 10. Juni 2024.<br \/>\nEinlass nur mit Ticket! Jetzt Gratis-Ticket sichern!<\/p>\n","protected":false},"author":6,"featured_media":6646,"comment_status":"closed","ping_status":"closed","sticky":false,"template":"","format":"standard","meta":{"_FSMCFIC_featured_image_caption":"","_FSMCFIC_featured_image_nocaption":"","_FSMCFIC_featured_image_hide":"","footnotes":""},"categories":[7,36],"tags":[],"class_list":["post-6530","post","type-post","status-publish","format-standard","has-post-thumbnail","hentry","category-musik","category-theater"],"publishpress_future_action":{"enabled":false,"date":"2026-05-06 14:26:01","action":"change-status","newStatus":"draft","terms":[],"taxonomy":"category","extraData":[]},"publishpress_future_workflow_manual_trigger":{"enabledWorkflows":[]},"_links":{"self":[{"href":"https:\/\/www.berthold-gymnasium.de\/index.php?rest_route=\/wp\/v2\/posts\/6530","targetHints":{"allow":["GET"]}}],"collection":[{"href":"https:\/\/www.berthold-gymnasium.de\/index.php?rest_route=\/wp\/v2\/posts"}],"about":[{"href":"https:\/\/www.berthold-gymnasium.de\/index.php?rest_route=\/wp\/v2\/types\/post"}],"author":[{"embeddable":true,"href":"https:\/\/www.berthold-gymnasium.de\/index.php?rest_route=\/wp\/v2\/users\/6"}],"replies":[{"embeddable":true,"href":"https:\/\/www.berthold-gymnasium.de\/index.php?rest_route=%2Fwp%2Fv2%2Fcomments&post=6530"}],"version-history":[{"count":4,"href":"https:\/\/www.berthold-gymnasium.de\/index.php?rest_route=\/wp\/v2\/posts\/6530\/revisions"}],"predecessor-version":[{"id":6642,"href":"https:\/\/www.berthold-gymnasium.de\/index.php?rest_route=\/wp\/v2\/posts\/6530\/revisions\/6642"}],"wp:featuredmedia":[{"embeddable":true,"href":"https:\/\/www.berthold-gymnasium.de\/index.php?rest_route=\/wp\/v2\/media\/6646"}],"wp:attachment":[{"href":"https:\/\/www.berthold-gymnasium.de\/index.php?rest_route=%2Fwp%2Fv2%2Fmedia&parent=6530"}],"wp:term":[{"taxonomy":"category","embeddable":true,"href":"https:\/\/www.berthold-gymnasium.de\/index.php?rest_route=%2Fwp%2Fv2%2Fcategories&post=6530"},{"taxonomy":"post_tag","embeddable":true,"href":"https:\/\/www.berthold-gymnasium.de\/index.php?rest_route=%2Fwp%2Fv2%2Ftags&post=6530"}],"curies":[{"name":"wp","href":"https:\/\/api.w.org\/{rel}","templated":true}]}}