{"id":6660,"date":"2024-04-30T17:14:04","date_gmt":"2024-04-30T15:14:04","guid":{"rendered":"https:\/\/www.berthold-gymnasium.de\/?p=6660"},"modified":"2024-04-30T17:20:40","modified_gmt":"2024-04-30T15:20:40","slug":"jugend-debattiert-2","status":"publish","type":"post","link":"https:\/\/www.berthold-gymnasium.de\/?p=6660","title":{"rendered":"\u201eJugend debattiert\u201c"},"content":{"rendered":"\n<p><strong>Das BG beim Landesfinale in Stuttgart<\/strong><\/p>\n\n\n\n<!--more-->\n\n\n\n<p><\/p>\n\n\n\n<div class=\"wp-block-media-text has-media-on-the-right is-stacked-on-mobile\"><div class=\"wp-block-media-text__content\">\n<p>Mit gleich zwei Regionalsieger:innen waren wir vom BG beim diesj\u00e4hrigen Regionalwettbewerb \u201eJugend debattiert\u201c am 19. April in Stuttgart vertreten. Mutig und engagiert debattierten hier Lotta Denz (9a) und Leo Stephan P\u00e9rez (K1), ob die Landesregierung ihre Kommunikation \u00fcber soziale Netzwerke wie X oder TikTok einstellen soll oder ob line-ups f\u00fcr Musikfestivals geschlechterparit\u00e4tisch zusammengestellt werden sollen.<\/p>\n\n\n\n<p>Am Ende reichte es zwar nicht f\u00fcr den Einzug ins Finale, es war aber dennoch eine gute und spannende Erfahrung, mit Sch\u00fcler:innen aus ganz Baden-W\u00fcrttemberg kontrovers, aber fair streiten zu d\u00fcrfen. Bravo und herzlichen Dank an Lotta und Leo!<\/p>\n\n\n\n<p>Beeindruckend war dann auch das Finale, das traditionell im Stuttgarter Landtag stattfindet und auch in diesem Jahr von der Landtagspr\u00e4sidentin Muhterem Aras er\u00f6ffnet wurde, die aus eigener Erfahrung heraus betonte, wie \u201eunglaublich wichtig f\u00fcr unsere Demokratie\u201c der konstruktive Streit sei.<\/p>\n<\/div><figure class=\"wp-block-media-text__media\"><img loading=\"lazy\" decoding=\"async\" width=\"1024\" height=\"551\" src=\"https:\/\/www.berthold-gymnasium.de\/wp-content\/uploads\/2024\/04\/IMG_1966_2434x1310-1-1024x551.jpeg\" alt=\"\" class=\"wp-image-6663 size-full\" srcset=\"https:\/\/www.berthold-gymnasium.de\/wp-content\/uploads\/2024\/04\/IMG_1966_2434x1310-1-1024x551.jpeg 1024w, https:\/\/www.berthold-gymnasium.de\/wp-content\/uploads\/2024\/04\/IMG_1966_2434x1310-1-300x161.jpeg 300w, https:\/\/www.berthold-gymnasium.de\/wp-content\/uploads\/2024\/04\/IMG_1966_2434x1310-1-279x150.jpeg 279w, https:\/\/www.berthold-gymnasium.de\/wp-content\/uploads\/2024\/04\/IMG_1966_2434x1310-1-768x413.jpeg 768w, https:\/\/www.berthold-gymnasium.de\/wp-content\/uploads\/2024\/04\/IMG_1966_2434x1310-1-1536x827.jpeg 1536w, https:\/\/www.berthold-gymnasium.de\/wp-content\/uploads\/2024\/04\/IMG_1966_2434x1310-1.jpeg 1999w\" sizes=\"auto, (max-width: 1024px) 100vw, 1024px\" \/><\/figure><\/div>\n","protected":false},"excerpt":{"rendered":"<p>Das BG beim Landesfinale in Stuttgart<\/p>\n","protected":false},"author":6,"featured_media":6661,"comment_status":"closed","ping_status":"closed","sticky":false,"template":"","format":"standard","meta":{"_FSMCFIC_featured_image_caption":"","_FSMCFIC_featured_image_nocaption":"","_FSMCFIC_featured_image_hide":"","footnotes":""},"categories":[29,11],"tags":[],"class_list":["post-6660","post","type-post","status-publish","format-standard","has-post-thumbnail","hentry","category-startseite","category-neuigkeiten"],"publishpress_future_action":{"enabled":false,"date":"2026-05-09 12:26:45","action":"change-status","newStatus":"draft","terms":[],"taxonomy":"category","extraData":[]},"publishpress_future_workflow_manual_trigger":{"enabledWorkflows":[]},"_links":{"self":[{"href":"https:\/\/www.berthold-gymnasium.de\/index.php?rest_route=\/wp\/v2\/posts\/6660","targetHints":{"allow":["GET"]}}],"collection":[{"href":"https:\/\/www.berthold-gymnasium.de\/index.php?rest_route=\/wp\/v2\/posts"}],"about":[{"href":"https:\/\/www.berthold-gymnasium.de\/index.php?rest_route=\/wp\/v2\/types\/post"}],"author":[{"embeddable":true,"href":"https:\/\/www.berthold-gymnasium.de\/index.php?rest_route=\/wp\/v2\/users\/6"}],"replies":[{"embeddable":true,"href":"https:\/\/www.berthold-gymnasium.de\/index.php?rest_route=%2Fwp%2Fv2%2Fcomments&post=6660"}],"version-history":[{"count":1,"href":"https:\/\/www.berthold-gymnasium.de\/index.php?rest_route=\/wp\/v2\/posts\/6660\/revisions"}],"predecessor-version":[{"id":6665,"href":"https:\/\/www.berthold-gymnasium.de\/index.php?rest_route=\/wp\/v2\/posts\/6660\/revisions\/6665"}],"wp:featuredmedia":[{"embeddable":true,"href":"https:\/\/www.berthold-gymnasium.de\/index.php?rest_route=\/wp\/v2\/media\/6661"}],"wp:attachment":[{"href":"https:\/\/www.berthold-gymnasium.de\/index.php?rest_route=%2Fwp%2Fv2%2Fmedia&parent=6660"}],"wp:term":[{"taxonomy":"category","embeddable":true,"href":"https:\/\/www.berthold-gymnasium.de\/index.php?rest_route=%2Fwp%2Fv2%2Fcategories&post=6660"},{"taxonomy":"post_tag","embeddable":true,"href":"https:\/\/www.berthold-gymnasium.de\/index.php?rest_route=%2Fwp%2Fv2%2Ftags&post=6660"}],"curies":[{"name":"wp","href":"https:\/\/api.w.org\/{rel}","templated":true}]}}