{"id":7125,"date":"2024-07-11T09:40:48","date_gmt":"2024-07-11T07:40:48","guid":{"rendered":"https:\/\/www.berthold-gymnasium.de\/?p=7125"},"modified":"2024-07-31T14:52:02","modified_gmt":"2024-07-31T12:52:02","slug":"sommerklang-des-freiburger-barockorchesters-am-bg","status":"publish","type":"post","link":"https:\/\/www.berthold-gymnasium.de\/?p=7125","title":{"rendered":"Sommerklang des Freiburger Barockorchesters am BG"},"content":{"rendered":"\n<p><br><br>Wir freuen uns au\u00dferordentlich, Gastgeber des weltber\u00fchmten und hochgesch\u00e4tzten FBO zu sein:<br>Am Samstag, 20. Juli und Sonntag, 21. Juli jeweils um 15 Uhr wird im Hof des BG Tanzmusik aus dem 17. und 18. Jahrhundert von Purcell, Holborne, Brade, Scholze und Praetorius erklingen.<\/p>\n\n\n\n<!--more-->\n\n\n\n<p><br>Der Eintritt zu den Parcours Konzerten ist frei, eine Anmeldung ist nicht erforderlich. Bei schlechtem Wetter finden die Konzerte am Samstag im Ensemblehaus statt.<br>Aktuelle Infos finden Sie unter\u00a0<a href=\"http:\/\/www.barockorchester.de\/Sommerklang\" target=\"_blank\" rel=\"noreferrer noopener\">www.barockorchester.de\/Sommerklang<\/a><\/p>\n\n\n\n<div data-wp-interactive=\"core\/file\" class=\"wp-block-file\"><object data-wp-bind--hidden=\"!state.hasPdfPreview\" hidden class=\"wp-block-file__embed\" data=\"https:\/\/www.berthold-gymnasium.de\/wp-content\/uploads\/2024\/07\/Info_Sommerklang_2024.pdf\" type=\"application\/pdf\" style=\"width:100%;height:600px\" aria-label=\"Einbettung von Info_Sommerklang_2024.\"><\/object><a id=\"wp-block-file--media-4881710b-28bd-4f71-869a-10c11e02bc58\" href=\"https:\/\/www.berthold-gymnasium.de\/wp-content\/uploads\/2024\/07\/Info_Sommerklang_2024.pdf\">Info_Sommerklang_2024<\/a><a href=\"https:\/\/www.berthold-gymnasium.de\/wp-content\/uploads\/2024\/07\/Info_Sommerklang_2024.pdf\" class=\"wp-block-file__button wp-element-button\" download aria-describedby=\"wp-block-file--media-4881710b-28bd-4f71-869a-10c11e02bc58\">Herunterladen<\/a><\/div>\n","protected":false},"excerpt":{"rendered":"<p>Wir freuen uns au\u00dferordentlich, Gastgeber des weltber\u00fchmten und hochgesch\u00e4tzten FBO zu sein:Am Samstag, 20. Juli und Sonntag, 21. Juli jeweils um 15 Uhr wird im Hof des BG Tanzmusik aus dem 17. und 18. Jahrhundert von Purcell, Holborne, Brade, Scholze und Praetorius erklingen.<\/p>\n","protected":false},"author":6,"featured_media":7126,"comment_status":"closed","ping_status":"closed","sticky":false,"template":"","format":"standard","meta":{"_FSMCFIC_featured_image_caption":"","_FSMCFIC_featured_image_nocaption":"","_FSMCFIC_featured_image_hide":"","footnotes":""},"categories":[7],"tags":[],"class_list":["post-7125","post","type-post","status-publish","format-standard","has-post-thumbnail","hentry","category-musik"],"publishpress_future_action":{"enabled":false,"date":"2026-05-06 10:33:43","action":"change-status","newStatus":"draft","terms":[],"taxonomy":"category","extraData":[]},"publishpress_future_workflow_manual_trigger":{"enabledWorkflows":[]},"_links":{"self":[{"href":"https:\/\/www.berthold-gymnasium.de\/index.php?rest_route=\/wp\/v2\/posts\/7125","targetHints":{"allow":["GET"]}}],"collection":[{"href":"https:\/\/www.berthold-gymnasium.de\/index.php?rest_route=\/wp\/v2\/posts"}],"about":[{"href":"https:\/\/www.berthold-gymnasium.de\/index.php?rest_route=\/wp\/v2\/types\/post"}],"author":[{"embeddable":true,"href":"https:\/\/www.berthold-gymnasium.de\/index.php?rest_route=\/wp\/v2\/users\/6"}],"replies":[{"embeddable":true,"href":"https:\/\/www.berthold-gymnasium.de\/index.php?rest_route=%2Fwp%2Fv2%2Fcomments&post=7125"}],"version-history":[{"count":1,"href":"https:\/\/www.berthold-gymnasium.de\/index.php?rest_route=\/wp\/v2\/posts\/7125\/revisions"}],"predecessor-version":[{"id":7128,"href":"https:\/\/www.berthold-gymnasium.de\/index.php?rest_route=\/wp\/v2\/posts\/7125\/revisions\/7128"}],"wp:featuredmedia":[{"embeddable":true,"href":"https:\/\/www.berthold-gymnasium.de\/index.php?rest_route=\/wp\/v2\/media\/7126"}],"wp:attachment":[{"href":"https:\/\/www.berthold-gymnasium.de\/index.php?rest_route=%2Fwp%2Fv2%2Fmedia&parent=7125"}],"wp:term":[{"taxonomy":"category","embeddable":true,"href":"https:\/\/www.berthold-gymnasium.de\/index.php?rest_route=%2Fwp%2Fv2%2Fcategories&post=7125"},{"taxonomy":"post_tag","embeddable":true,"href":"https:\/\/www.berthold-gymnasium.de\/index.php?rest_route=%2Fwp%2Fv2%2Ftags&post=7125"}],"curies":[{"name":"wp","href":"https:\/\/api.w.org\/{rel}","templated":true}]}}