{"id":7385,"date":"2025-01-09T10:21:04","date_gmt":"2025-01-09T09:21:04","guid":{"rendered":"https:\/\/www.berthold-gymnasium.de\/?p=7385"},"modified":"2025-01-09T10:21:56","modified_gmt":"2025-01-09T09:21:56","slug":"besuch-im-centre-culturel-freiburg","status":"publish","type":"post","link":"https:\/\/www.berthold-gymnasium.de\/?p=7385","title":{"rendered":"Besuch im &#8222;Centre culturel&#8220; Freiburg"},"content":{"rendered":"\n<p>Der Franz\u00f6sischkurs der K2 besuchte am 17.12. mit ihrem Lehrer Herrn Dr. Rehage das franz\u00f6sische Kulturzentrum am M\u00fcnsterplatz. <\/p>\n\n\n\n<!--more-->\n\n\n\n<div class=\"wp-block-media-text has-media-on-the-right is-stacked-on-mobile\"><div class=\"wp-block-media-text__content\">\n<p>In franz\u00f6sischer Sprache bekamen wir hier die Ausstellung des Fotografen J\u00e9r\u00f4me Gence n\u00e4hergebracht, die sich mit dem Thema der &#8222;digital nomads&#8220; besch\u00e4ftigt. Es geht dabei um Menschen, die an exotischen Orten, wie z.B. auf Bali, im Homeoffice arbeiten. Die teils skurrilen Einblicke in diesen Arbeitsalltag f\u00fchrten uns anschlie\u00dfend zu einer Diskussion \u00fcber Vor- und Nachteile des &#8222;t\u00e9l\u00e9travail&#8220;. <em>Un grand merci<\/em> an Madame Roure und ihre Praktikantin, die uns einen spannenden Nachmittag bereiteten.<\/p>\n<\/div><figure class=\"wp-block-media-text__media\"><img loading=\"lazy\" decoding=\"async\" width=\"600\" height=\"554\" src=\"https:\/\/www.berthold-gymnasium.de\/wp-content\/uploads\/2025\/01\/IMG_2061bkl.jpg\" alt=\"\" class=\"wp-image-7387 size-full\" srcset=\"https:\/\/www.berthold-gymnasium.de\/wp-content\/uploads\/2025\/01\/IMG_2061bkl.jpg 600w, https:\/\/www.berthold-gymnasium.de\/wp-content\/uploads\/2025\/01\/IMG_2061bkl-300x277.jpg 300w, https:\/\/www.berthold-gymnasium.de\/wp-content\/uploads\/2025\/01\/IMG_2061bkl-162x150.jpg 162w\" sizes=\"auto, (max-width: 600px) 100vw, 600px\" \/><\/figure><\/div>\n","protected":false},"excerpt":{"rendered":"<p>Der Franz\u00f6sischkurs der K2 besuchte am 17.12. mit ihrem Lehrer Herrn Dr. Rehage das franz\u00f6sische Kulturzentrum am M\u00fcnsterplatz.<\/p>\n","protected":false},"author":6,"featured_media":7386,"comment_status":"closed","ping_status":"closed","sticky":false,"template":"","format":"standard","meta":{"_FSMCFIC_featured_image_caption":"","_FSMCFIC_featured_image_nocaption":"","_FSMCFIC_featured_image_hide":"","footnotes":""},"categories":[29,11],"tags":[],"class_list":["post-7385","post","type-post","status-publish","format-standard","has-post-thumbnail","hentry","category-startseite","category-neuigkeiten"],"publishpress_future_action":{"enabled":false,"date":"2026-05-06 16:18:47","action":"change-status","newStatus":"draft","terms":[],"taxonomy":"category","extraData":[]},"publishpress_future_workflow_manual_trigger":{"enabledWorkflows":[]},"_links":{"self":[{"href":"https:\/\/www.berthold-gymnasium.de\/index.php?rest_route=\/wp\/v2\/posts\/7385","targetHints":{"allow":["GET"]}}],"collection":[{"href":"https:\/\/www.berthold-gymnasium.de\/index.php?rest_route=\/wp\/v2\/posts"}],"about":[{"href":"https:\/\/www.berthold-gymnasium.de\/index.php?rest_route=\/wp\/v2\/types\/post"}],"author":[{"embeddable":true,"href":"https:\/\/www.berthold-gymnasium.de\/index.php?rest_route=\/wp\/v2\/users\/6"}],"replies":[{"embeddable":true,"href":"https:\/\/www.berthold-gymnasium.de\/index.php?rest_route=%2Fwp%2Fv2%2Fcomments&post=7385"}],"version-history":[{"count":2,"href":"https:\/\/www.berthold-gymnasium.de\/index.php?rest_route=\/wp\/v2\/posts\/7385\/revisions"}],"predecessor-version":[{"id":7389,"href":"https:\/\/www.berthold-gymnasium.de\/index.php?rest_route=\/wp\/v2\/posts\/7385\/revisions\/7389"}],"wp:featuredmedia":[{"embeddable":true,"href":"https:\/\/www.berthold-gymnasium.de\/index.php?rest_route=\/wp\/v2\/media\/7386"}],"wp:attachment":[{"href":"https:\/\/www.berthold-gymnasium.de\/index.php?rest_route=%2Fwp%2Fv2%2Fmedia&parent=7385"}],"wp:term":[{"taxonomy":"category","embeddable":true,"href":"https:\/\/www.berthold-gymnasium.de\/index.php?rest_route=%2Fwp%2Fv2%2Fcategories&post=7385"},{"taxonomy":"post_tag","embeddable":true,"href":"https:\/\/www.berthold-gymnasium.de\/index.php?rest_route=%2Fwp%2Fv2%2Ftags&post=7385"}],"curies":[{"name":"wp","href":"https:\/\/api.w.org\/{rel}","templated":true}]}}