{"id":7433,"date":"2025-01-22T16:30:48","date_gmt":"2025-01-22T15:30:48","guid":{"rendered":"https:\/\/www.berthold-gymnasium.de\/?p=7433"},"modified":"2025-01-22T16:30:49","modified_gmt":"2025-01-22T15:30:49","slug":"venez-nombreux-a-la-fete","status":"publish","type":"post","link":"https:\/\/www.berthold-gymnasium.de\/?p=7433","title":{"rendered":"Venez nombreux \u00e0 la f\u00eate!!"},"content":{"rendered":"\n<p> Tag der deutsch-franz\u00f6sischen Freundschaft<\/p>\n\n\n\n<p>Zum Mitsingen, sich Informieren und zum &#8222;Degustieren&#8220; versammelten sich viele BG-Sch\u00fcler:innen und Lehrkr\u00e4fte am 22. Januar, dem Deutsch-Franz\u00f6sischen Tag. <\/p>\n\n\n\n<!--more-->\n\n\n\n<p><\/p>\n\n\n\n<div class=\"wp-block-media-text has-media-on-the-right is-stacked-on-mobile\"><div class=\"wp-block-media-text__content\">\n<p>Er erinnert an den Elys\u00e9e-Vertrag von 1963, in dem die beiden L\u00e4nder nach einer wechselvollen Geschichte ihre Freundschaft und Zusammenarbeit auf verschiedenen Ebenen festgeschrieben haben.<br>Die Fachschaft Franz\u00f6sisch am BG wollte dieses Ereignis geb\u00fchrend feiern und lud daher alle dazu ein, franz\u00f6sische Musik zu h\u00f6ren (oder mitzusingen), franz\u00f6sisches Geb\u00e4ck zu probieren und Bildimpulse zu Frankreich und zur deutsch-franz\u00f6sischen Freundschaft anzuschauen.<\/p>\n\n\n\n<p>\u00dcbrigens: Die diesj\u00e4hrige &#8222;journ\u00e9e franco-allemande&#8220; steht unter dem gerade jetzt sehr aktuellen Motto &#8222;DEutsch-FRanz\u00f6sisch f\u00fcr DEmokratie und FReiheit&#8220;.<\/p>\n<\/div><figure class=\"wp-block-media-text__media\"><img loading=\"lazy\" decoding=\"async\" width=\"800\" height=\"504\" src=\"https:\/\/www.berthold-gymnasium.de\/wp-content\/uploads\/2025\/01\/20250122_115511b.jpg\" alt=\"\" class=\"wp-image-7434 size-full\" srcset=\"https:\/\/www.berthold-gymnasium.de\/wp-content\/uploads\/2025\/01\/20250122_115511b.jpg 800w, https:\/\/www.berthold-gymnasium.de\/wp-content\/uploads\/2025\/01\/20250122_115511b-300x189.jpg 300w, https:\/\/www.berthold-gymnasium.de\/wp-content\/uploads\/2025\/01\/20250122_115511b-238x150.jpg 238w, https:\/\/www.berthold-gymnasium.de\/wp-content\/uploads\/2025\/01\/20250122_115511b-768x484.jpg 768w\" sizes=\"auto, (max-width: 800px) 100vw, 800px\" \/><\/figure><\/div>\n\n\n\n<p><\/p>\n","protected":false},"excerpt":{"rendered":"<p>Tag der deutsch-franz\u00f6sischen Freundschaft Zum Mitsingen, sich Informieren und zum &#8222;Degustieren&#8220; versammelten sich viele BG-Sch\u00fcler:innen und Lehrkr\u00e4fte am 22. Januar, dem Deutsch-Franz\u00f6sischen Tag.<\/p>\n","protected":false},"author":6,"featured_media":7435,"comment_status":"closed","ping_status":"closed","sticky":false,"template":"","format":"standard","meta":{"_FSMCFIC_featured_image_caption":"","_FSMCFIC_featured_image_nocaption":"","_FSMCFIC_featured_image_hide":"","footnotes":""},"categories":[1,29,11],"tags":[],"class_list":["post-7433","post","type-post","status-publish","format-standard","has-post-thumbnail","hentry","category-allgemein","category-startseite","category-neuigkeiten"],"publishpress_future_action":{"enabled":false,"date":"2026-05-06 18:50:49","action":"change-status","newStatus":"draft","terms":[],"taxonomy":"category","extraData":[]},"publishpress_future_workflow_manual_trigger":{"enabledWorkflows":[]},"_links":{"self":[{"href":"https:\/\/www.berthold-gymnasium.de\/index.php?rest_route=\/wp\/v2\/posts\/7433","targetHints":{"allow":["GET"]}}],"collection":[{"href":"https:\/\/www.berthold-gymnasium.de\/index.php?rest_route=\/wp\/v2\/posts"}],"about":[{"href":"https:\/\/www.berthold-gymnasium.de\/index.php?rest_route=\/wp\/v2\/types\/post"}],"author":[{"embeddable":true,"href":"https:\/\/www.berthold-gymnasium.de\/index.php?rest_route=\/wp\/v2\/users\/6"}],"replies":[{"embeddable":true,"href":"https:\/\/www.berthold-gymnasium.de\/index.php?rest_route=%2Fwp%2Fv2%2Fcomments&post=7433"}],"version-history":[{"count":1,"href":"https:\/\/www.berthold-gymnasium.de\/index.php?rest_route=\/wp\/v2\/posts\/7433\/revisions"}],"predecessor-version":[{"id":7436,"href":"https:\/\/www.berthold-gymnasium.de\/index.php?rest_route=\/wp\/v2\/posts\/7433\/revisions\/7436"}],"wp:featuredmedia":[{"embeddable":true,"href":"https:\/\/www.berthold-gymnasium.de\/index.php?rest_route=\/wp\/v2\/media\/7435"}],"wp:attachment":[{"href":"https:\/\/www.berthold-gymnasium.de\/index.php?rest_route=%2Fwp%2Fv2%2Fmedia&parent=7433"}],"wp:term":[{"taxonomy":"category","embeddable":true,"href":"https:\/\/www.berthold-gymnasium.de\/index.php?rest_route=%2Fwp%2Fv2%2Fcategories&post=7433"},{"taxonomy":"post_tag","embeddable":true,"href":"https:\/\/www.berthold-gymnasium.de\/index.php?rest_route=%2Fwp%2Fv2%2Ftags&post=7433"}],"curies":[{"name":"wp","href":"https:\/\/api.w.org\/{rel}","templated":true}]}}