{"id":7437,"date":"2025-01-24T15:25:13","date_gmt":"2025-01-24T14:25:13","guid":{"rendered":"https:\/\/www.berthold-gymnasium.de\/?p=7437"},"modified":"2025-01-24T19:00:24","modified_gmt":"2025-01-24T18:00:24","slug":"interview-mit-der-autorin-carina-wiese","status":"publish","type":"post","link":"https:\/\/www.berthold-gymnasium.de\/?p=7437","title":{"rendered":"Interview mit der Schauspielerin Carina Wiese"},"content":{"rendered":"\n<p>Stell Dir vor, Du sagst Deine Meinung und wirst vom Abitur ausgeschlossen\u2026<\/p>\n\n\n\n<p>Das erlebte eine Abiturklasse 1956 in der noch jungen DDR, weil ihnen konterrevolution\u00e4res Verhalten und damit Staatsverrat vorgeworfen wurde.<\/p>\n\n\n\n<!--more-->\n\n\n\n<p>Was im Film \u201cDas schweigende Klassenzimmer\u201d eindr\u00fccklich verarbeitet wurde, ber\u00fchrte die Basiskurse Deutsch der K2 mehr als manch anderer Unterrichtsgegenstand.<\/p>\n\n\n\n<p>Im Anschluss hatten sie die au\u00dfergew\u00f6hnliche Gelegenheit, die Schauspielerin Carina Wiese bei einem Video-Call in einer entspannten Atmosph\u00e4re zu ihren Erfahrungen beim Dreh und mit dem Thema zu befragen.<\/p>\n\n\n\n<div class=\"wp-block-media-text has-media-on-the-right is-stacked-on-mobile is-vertically-aligned-top\" style=\"grid-template-columns:auto 40%\"><div class=\"wp-block-media-text__content\">\n<p>Das Besondere war in diesem Fall, dass Carina Wiese f\u00fcr ihre Rolle aus ihren eigenen Erfahrungen sch\u00f6pfen konnte, da sie als junge Frau in der ehemaligen DDR aufgewachsen war.<\/p>\n\n\n\n<p><\/p>\n\n\n\n<p><\/p>\n\n\n\n<p><\/p>\n\n\n\n<p><\/p>\n\n\n\n<div class=\"wp-block-group is-vertical is-layout-flex wp-container-core-group-is-layout-8cf370e7 wp-block-group-is-layout-flex\"><\/div>\n\n\n\n<p><\/p>\n\n\n\n<div class=\"wp-block-group is-vertical is-layout-flex wp-container-core-group-is-layout-8cf370e7 wp-block-group-is-layout-flex\">\n<p class=\"has-text-align-left has-small-font-size\">Die Klasse von damals, nachdem sie in den Westen geflohen waren. Bild: Spiegel online<\/p>\n<\/div>\n<\/div><figure class=\"wp-block-media-text__media\"><img loading=\"lazy\" decoding=\"async\" width=\"700\" height=\"510\" src=\"https:\/\/www.berthold-gymnasium.de\/wp-content\/uploads\/2025\/01\/Bild1kl.jpg\" alt=\"\" class=\"wp-image-7440 size-full\" srcset=\"https:\/\/www.berthold-gymnasium.de\/wp-content\/uploads\/2025\/01\/Bild1kl.jpg 700w, https:\/\/www.berthold-gymnasium.de\/wp-content\/uploads\/2025\/01\/Bild1kl-300x219.jpg 300w, https:\/\/www.berthold-gymnasium.de\/wp-content\/uploads\/2025\/01\/Bild1kl-206x150.jpg 206w\" sizes=\"auto, (max-width: 700px) 100vw, 700px\" \/><\/figure><\/div>\n\n\n\n<p>So erfuhren die Sch\u00fcler*innen, dass ein Gef\u00fchl der Verfolgung durch die Stasi allt\u00e4glich war und die Geschichte, die der Film erz\u00e4hlt, durchaus eine reale Erfahrung war und viele Familien durch eine Flucht in den Westen getrennt wurden, so auch ihre eigene. Klar wurde allen, dass Schauspielerei viel mit eigenen Emotionen zu tun hat, so dass Carina Wiese beim ersten Lesen des Drehbuchs so bewegt war, dass sie \u201cgeheult und geheult\u201d hat. Aus historischer Sicht bedauerte sie, dass im Film nicht die starken Frauen der damaligen Zeit deutlicher herausgearbeitet wurden.<\/p>\n\n\n\n<div class=\"wp-block-media-text is-stacked-on-mobile\" style=\"grid-template-columns:30% auto\"><figure class=\"wp-block-media-text__media\"><img loading=\"lazy\" decoding=\"async\" width=\"485\" height=\"698\" src=\"https:\/\/www.berthold-gymnasium.de\/wp-content\/uploads\/2025\/01\/Bild2.jpg\" alt=\"\" class=\"wp-image-7439 size-full\" srcset=\"https:\/\/www.berthold-gymnasium.de\/wp-content\/uploads\/2025\/01\/Bild2.jpg 485w, https:\/\/www.berthold-gymnasium.de\/wp-content\/uploads\/2025\/01\/Bild2-208x300.jpg 208w, https:\/\/www.berthold-gymnasium.de\/wp-content\/uploads\/2025\/01\/Bild2-104x150.jpg 104w\" sizes=\"auto, (max-width: 485px) 100vw, 485px\" \/><\/figure><div class=\"wp-block-media-text__content\">\n<p>Beachtenswert bei den Arbeiten zum Film war, so die Schauspielerin, dass haupts\u00e4chlich an realen Schaupl\u00e4tzen gedreht werden konnte, welche die Zeit gut illustrieren, so beispielweise in Eisenh\u00fcttenstadt, einer 1950 gebauten sozialistischen Planstadt, die 1953 bis 1961 \u201eStalinstadt\u201c hie\u00df. Lediglich einige Szenen wurden in den Au\u00dfenkulissen in Studio Babelsberg gefilmt.<\/p>\n\n\n\n<p>Viele ihrer Antworten waren bereichernd, weil sie den Sch\u00fcler*innen zu einigen Themen eine andere Perspektive aufzeigen konnte. Authentizit\u00e4t lohnt sich.<\/p>\n\n\n\n<p>Ein kleines St\u00fcck deutscher Geschichte auf der Leinwand &#8211; bereichert durch die Innensicht von Carina Wiese \u2013 das bleibt in Erinnerung.<\/p>\n<\/div><\/div>\n\n\n\n<p><\/p>\n","protected":false},"excerpt":{"rendered":"<p>Stell Dir vor, Du sagst Deine Meinung und wirst vom Abitur ausgeschlossen\u2026 Das erlebte eine Abiturklasse 1956 in der noch jungen DDR, weil ihnen konterrevolution\u00e4res Verhalten und damit Staatsverrat vorgeworfen wurde.<\/p>\n","protected":false},"author":6,"featured_media":7438,"comment_status":"closed","ping_status":"closed","sticky":false,"template":"","format":"standard","meta":{"_FSMCFIC_featured_image_caption":"","_FSMCFIC_featured_image_nocaption":"","_FSMCFIC_featured_image_hide":"","footnotes":""},"categories":[29],"tags":[],"class_list":["post-7437","post","type-post","status-publish","format-standard","has-post-thumbnail","hentry","category-startseite"],"publishpress_future_action":{"enabled":false,"date":"2026-05-08 10:31:46","action":"change-status","newStatus":"draft","terms":[],"taxonomy":"category","extraData":[]},"publishpress_future_workflow_manual_trigger":{"enabledWorkflows":[]},"_links":{"self":[{"href":"https:\/\/www.berthold-gymnasium.de\/index.php?rest_route=\/wp\/v2\/posts\/7437","targetHints":{"allow":["GET"]}}],"collection":[{"href":"https:\/\/www.berthold-gymnasium.de\/index.php?rest_route=\/wp\/v2\/posts"}],"about":[{"href":"https:\/\/www.berthold-gymnasium.de\/index.php?rest_route=\/wp\/v2\/types\/post"}],"author":[{"embeddable":true,"href":"https:\/\/www.berthold-gymnasium.de\/index.php?rest_route=\/wp\/v2\/users\/6"}],"replies":[{"embeddable":true,"href":"https:\/\/www.berthold-gymnasium.de\/index.php?rest_route=%2Fwp%2Fv2%2Fcomments&post=7437"}],"version-history":[{"count":5,"href":"https:\/\/www.berthold-gymnasium.de\/index.php?rest_route=\/wp\/v2\/posts\/7437\/revisions"}],"predecessor-version":[{"id":7453,"href":"https:\/\/www.berthold-gymnasium.de\/index.php?rest_route=\/wp\/v2\/posts\/7437\/revisions\/7453"}],"wp:featuredmedia":[{"embeddable":true,"href":"https:\/\/www.berthold-gymnasium.de\/index.php?rest_route=\/wp\/v2\/media\/7438"}],"wp:attachment":[{"href":"https:\/\/www.berthold-gymnasium.de\/index.php?rest_route=%2Fwp%2Fv2%2Fmedia&parent=7437"}],"wp:term":[{"taxonomy":"category","embeddable":true,"href":"https:\/\/www.berthold-gymnasium.de\/index.php?rest_route=%2Fwp%2Fv2%2Fcategories&post=7437"},{"taxonomy":"post_tag","embeddable":true,"href":"https:\/\/www.berthold-gymnasium.de\/index.php?rest_route=%2Fwp%2Fv2%2Ftags&post=7437"}],"curies":[{"name":"wp","href":"https:\/\/api.w.org\/{rel}","templated":true}]}}