{"id":7487,"date":"2025-02-23T19:18:45","date_gmt":"2025-02-23T18:18:45","guid":{"rendered":"https:\/\/www.berthold-gymnasium.de\/?p=7487"},"modified":"2025-02-23T19:18:47","modified_gmt":"2025-02-23T18:18:47","slug":"jugend-debattiert-wir-machen-mit","status":"publish","type":"post","link":"https:\/\/www.berthold-gymnasium.de\/?p=7487","title":{"rendered":"Jugend debattiert \u2013 wir machen mit!"},"content":{"rendered":"\n<p>Beim Regionalwettbewerb &#8222;Jugend debattiert&#8220;, der am 21.2. bei uns am BG ausgerichtet wurde, debattierten in der Altersgruppe I Hannes Fleig und Zora Engel (beide 9b) sowie in der Altersgruppe II Lissy Bobenhausen (K1) und Leo Stephan-P\u00e9rez (K2) gegen insgesamt 32 Debattant:innen aus 8 verschiedenen Schulen.<\/p>\n\n\n\n<!--more-->\n\n\n\n<figure class=\"wp-block-image size-large\"><img loading=\"lazy\" decoding=\"async\" width=\"1024\" height=\"536\" src=\"https:\/\/www.berthold-gymnasium.de\/wp-content\/uploads\/2025\/02\/JD-am-BG.heic-1024x536.jpg\" alt=\"\" class=\"wp-image-7489\" srcset=\"https:\/\/www.berthold-gymnasium.de\/wp-content\/uploads\/2025\/02\/JD-am-BG.heic-1024x536.jpg 1024w, https:\/\/www.berthold-gymnasium.de\/wp-content\/uploads\/2025\/02\/JD-am-BG.heic-300x157.jpg 300w, https:\/\/www.berthold-gymnasium.de\/wp-content\/uploads\/2025\/02\/JD-am-BG.heic-287x150.jpg 287w, https:\/\/www.berthold-gymnasium.de\/wp-content\/uploads\/2025\/02\/JD-am-BG.heic-768x402.jpg 768w, https:\/\/www.berthold-gymnasium.de\/wp-content\/uploads\/2025\/02\/JD-am-BG.heic-1536x804.jpg 1536w, https:\/\/www.berthold-gymnasium.de\/wp-content\/uploads\/2025\/02\/JD-am-BG.heic.jpg 2000w\" sizes=\"auto, (max-width: 1024px) 100vw, 1024px\" \/><\/figure>\n\n\n\n<p><br>Nach einem spannenden Finale auf hohem Niveau haben Zora und Leo tats\u00e4chlich jeweils einen sagenhaften 1. Platz und somit die Qualifikation f\u00fcr den Landeswettbewerb in Stuttgart erreicht:<br>Herzlichen Gl\u00fcckwunsch!!!<\/p>\n\n\n\n<p><\/p>\n","protected":false},"excerpt":{"rendered":"<p>Beim Regionalwettbewerb &#8222;Jugend debattiert&#8220;, der am 21.2. bei uns am BG ausgerichtet wurde, debattierten in der Altersgruppe I Hannes Fleig und Zora Engel (beide 9b) sowie in der Altersgruppe II Lissy Bobenhausen (K1) und Leo Stephan-P\u00e9rez (K2) gegen insgesamt 32 Debattant:innen aus 8 verschiedenen Schulen.<\/p>\n","protected":false},"author":6,"featured_media":7488,"comment_status":"closed","ping_status":"closed","sticky":false,"template":"","format":"standard","meta":{"_FSMCFIC_featured_image_caption":"","_FSMCFIC_featured_image_nocaption":"","_FSMCFIC_featured_image_hide":"","footnotes":""},"categories":[29,46],"tags":[],"class_list":["post-7487","post","type-post","status-publish","format-standard","has-post-thumbnail","hentry","category-startseite","category-mitbestimmung"],"publishpress_future_action":{"enabled":false,"date":"2026-05-06 15:29:06","action":"change-status","newStatus":"draft","terms":[],"taxonomy":"category","extraData":[]},"publishpress_future_workflow_manual_trigger":{"enabledWorkflows":[]},"_links":{"self":[{"href":"https:\/\/www.berthold-gymnasium.de\/index.php?rest_route=\/wp\/v2\/posts\/7487","targetHints":{"allow":["GET"]}}],"collection":[{"href":"https:\/\/www.berthold-gymnasium.de\/index.php?rest_route=\/wp\/v2\/posts"}],"about":[{"href":"https:\/\/www.berthold-gymnasium.de\/index.php?rest_route=\/wp\/v2\/types\/post"}],"author":[{"embeddable":true,"href":"https:\/\/www.berthold-gymnasium.de\/index.php?rest_route=\/wp\/v2\/users\/6"}],"replies":[{"embeddable":true,"href":"https:\/\/www.berthold-gymnasium.de\/index.php?rest_route=%2Fwp%2Fv2%2Fcomments&post=7487"}],"version-history":[{"count":1,"href":"https:\/\/www.berthold-gymnasium.de\/index.php?rest_route=\/wp\/v2\/posts\/7487\/revisions"}],"predecessor-version":[{"id":7490,"href":"https:\/\/www.berthold-gymnasium.de\/index.php?rest_route=\/wp\/v2\/posts\/7487\/revisions\/7490"}],"wp:featuredmedia":[{"embeddable":true,"href":"https:\/\/www.berthold-gymnasium.de\/index.php?rest_route=\/wp\/v2\/media\/7488"}],"wp:attachment":[{"href":"https:\/\/www.berthold-gymnasium.de\/index.php?rest_route=%2Fwp%2Fv2%2Fmedia&parent=7487"}],"wp:term":[{"taxonomy":"category","embeddable":true,"href":"https:\/\/www.berthold-gymnasium.de\/index.php?rest_route=%2Fwp%2Fv2%2Fcategories&post=7487"},{"taxonomy":"post_tag","embeddable":true,"href":"https:\/\/www.berthold-gymnasium.de\/index.php?rest_route=%2Fwp%2Fv2%2Ftags&post=7487"}],"curies":[{"name":"wp","href":"https:\/\/api.w.org\/{rel}","templated":true}]}}