{"id":7555,"date":"2025-05-04T09:58:04","date_gmt":"2025-05-04T07:58:04","guid":{"rendered":"https:\/\/www.berthold-gymnasium.de\/?p=7555"},"modified":"2025-06-21T17:56:26","modified_gmt":"2025-06-21T15:56:26","slug":"moliere-der-eingebildete-kranke","status":"publish","type":"post","link":"https:\/\/www.berthold-gymnasium.de\/?p=7555","title":{"rendered":"Moli\u00e8re: Der eingebildete Kranke"},"content":{"rendered":"\n<p><\/p>\n\n\n\n<p><strong>Auff\u00fchrung der Theater-AG der 9\/10 Klasse am Mo. 12.05 \/ Di. 13.05.2025<\/strong><\/p>\n\n\n\n<p><\/p>\n\n\n\n<div style=\"height:4px\" aria-hidden=\"true\" class=\"wp-block-spacer\"><\/div>\n\n\n\n<!--more-->\n\n\n\n<h2 class=\"wp-block-heading\"><\/h2>\n\n\n\n<p>Im Hause des Herrn Argans scheint sich, zwischen der ein- und ausgehenden Schar an Medizinern, seinem aufm\u00fcpfigen Dienstm\u00e4dchen Toinette, der Hochzeitskrise seiner Tochter Angelique und diversen Erbstreitereien keine Sekunde Ruhe finden zu lassen<\/p>\n\n\n\n<div class=\"wp-block-media-text has-media-on-the-right is-stacked-on-mobile\" style=\"grid-template-columns:auto 37%\"><div class=\"wp-block-media-text__content\">\n<p><\/p>\n\n\n\n<p><br>Dabei ist der arme Mann doch in keiner Verfassung f\u00fcr eine solche Aufregung, immerhin ist er krank, todkrank sogar. Oder doch nicht? Und wer ist eigentlich dieser Fremde, der weder Familie, Angestellter noch sonst irgendetwas ist? <br><br>Was es mit all dem auf sich hat, k\u00f6nnen Sie in Moli\u00e8res letzter und wohl bekanntester Kom\u00f6die \u201eDer eingebildet Kranke\u201c erfahren. In diesem Sinne l\u00e4dt die Theater-AG der neunten und zehnten Klassen Sie herzlich dazu ein, sich am Mo. 12.05 \/ Di. 13.05 um jeweils 19 Uhr selbst ein Bild dieser explosiv-chaotischen Familiendynamik zu machen.<\/p>\n<\/div><figure class=\"wp-block-media-text__media\"><img loading=\"lazy\" decoding=\"async\" width=\"812\" height=\"1024\" src=\"https:\/\/www.berthold-gymnasium.de\/wp-content\/uploads\/2025\/05\/IMG_1579-1-812x1024.jpeg\" alt=\"\" class=\"wp-image-7557 size-full\"\/><\/figure><\/div>\n\n\n\n<p><br><\/p>\n\n\n\n<p>Einlass nur mit (kostenlosem) Ticket!<\/p>\n\n\n\n<div><a class='eveenoButton blue' href='https:\/\/eveeno.com\/924053774' target='_blank'>Jetzt Ticket f\u00fcr Montag, 12.05.2025 19 Uhr buchen.<\/a><style scoped>.eveenoButton:link, .eveenoButton:visited, .eveenoButton:focus, .eveenoButton:hover, .eveenoButton:active {color: #fff; text-decoration: none;}.eveenoButton {color:#fff; cursor:pointer; display:inline-block; font-family:arial,helvetica,sans-serif; line-height:38px; font-size:16px; padding:0px 30px; text-align:center;}.eveenoButton.blue {background-color:#337ab7}.eveenoButton.blue:hover,.eveenoButton.blue:focus,.eveenoButton.blue:active {background-color:#265a88;}<\/style><\/div><\/br>\n\n\n\n<div><a class='eveenoButton blue' href='https:\/\/eveeno.com\/267709428' target='_blank'>Jetzt Ticket f\u00fcr Dienstag, 13.05.2025 19 Uhr buchen.<\/a><style scoped>.eveenoButton:link, .eveenoButton:visited, .eveenoButton:focus, .eveenoButton:hover, .eveenoButton:active {color: #fff; text-decoration: none;}.eveenoButton {color:#fff; cursor:pointer; display:inline-block; font-family:arial,helvetica,sans-serif; line-height:38px; font-size:16px; padding:0px 30px; text-align:center;}.eveenoButton.blue {background-color:#337ab7}.eveenoButton.blue:hover,.eveenoButton.blue:focus,.eveenoButton.blue:active {background-color:#265a88;}<\/style><\/div><\/br>\n","protected":false},"excerpt":{"rendered":"<p>Auff\u00fchrung der Theater-AG der 9\/10 Klasse am Mo. 12.05 \/ Di. 13.05.2025<\/p>\n","protected":false},"author":6,"featured_media":7556,"comment_status":"closed","ping_status":"closed","sticky":false,"template":"","format":"standard","meta":{"_FSMCFIC_featured_image_caption":"","_FSMCFIC_featured_image_nocaption":"","_FSMCFIC_featured_image_hide":"","footnotes":""},"categories":[29,36],"tags":[],"class_list":["post-7555","post","type-post","status-publish","format-standard","has-post-thumbnail","hentry","category-startseite","category-theater"],"publishpress_future_action":{"enabled":false,"date":"2026-05-06 13:28:30","action":"change-status","newStatus":"draft","terms":[],"taxonomy":"category","extraData":[]},"publishpress_future_workflow_manual_trigger":{"enabledWorkflows":[]},"_links":{"self":[{"href":"https:\/\/www.berthold-gymnasium.de\/index.php?rest_route=\/wp\/v2\/posts\/7555","targetHints":{"allow":["GET"]}}],"collection":[{"href":"https:\/\/www.berthold-gymnasium.de\/index.php?rest_route=\/wp\/v2\/posts"}],"about":[{"href":"https:\/\/www.berthold-gymnasium.de\/index.php?rest_route=\/wp\/v2\/types\/post"}],"author":[{"embeddable":true,"href":"https:\/\/www.berthold-gymnasium.de\/index.php?rest_route=\/wp\/v2\/users\/6"}],"replies":[{"embeddable":true,"href":"https:\/\/www.berthold-gymnasium.de\/index.php?rest_route=%2Fwp%2Fv2%2Fcomments&post=7555"}],"version-history":[{"count":5,"href":"https:\/\/www.berthold-gymnasium.de\/index.php?rest_route=\/wp\/v2\/posts\/7555\/revisions"}],"predecessor-version":[{"id":7588,"href":"https:\/\/www.berthold-gymnasium.de\/index.php?rest_route=\/wp\/v2\/posts\/7555\/revisions\/7588"}],"wp:featuredmedia":[{"embeddable":true,"href":"https:\/\/www.berthold-gymnasium.de\/index.php?rest_route=\/wp\/v2\/media\/7556"}],"wp:attachment":[{"href":"https:\/\/www.berthold-gymnasium.de\/index.php?rest_route=%2Fwp%2Fv2%2Fmedia&parent=7555"}],"wp:term":[{"taxonomy":"category","embeddable":true,"href":"https:\/\/www.berthold-gymnasium.de\/index.php?rest_route=%2Fwp%2Fv2%2Fcategories&post=7555"},{"taxonomy":"post_tag","embeddable":true,"href":"https:\/\/www.berthold-gymnasium.de\/index.php?rest_route=%2Fwp%2Fv2%2Ftags&post=7555"}],"curies":[{"name":"wp","href":"https:\/\/api.w.org\/{rel}","templated":true}]}}