{"id":7817,"date":"2025-07-25T19:15:56","date_gmt":"2025-07-25T17:15:56","guid":{"rendered":"https:\/\/www.berthold-gymnasium.de\/?p=7817"},"modified":"2025-07-25T20:26:39","modified_gmt":"2025-07-25T18:26:39","slug":"gemeinsam-lernen","status":"publish","type":"post","link":"https:\/\/www.berthold-gymnasium.de\/?p=7817","title":{"rendered":"Gemeinsam lernen"},"content":{"rendered":"\n<p class=\"has-medium-font-size\"><strong>Unsere Inklusionsklasse startet zum Schuljahr 2025\/26<\/strong><\/p>\n\n\n\n<!--more-->\n\n\n\n<p><br>Inklusion am Gymnasium bedeutet &#8211; gem\u00e4\u00df der UN-Behindertenrechtskonvention &#8211; , dass alle Sch\u00fclerinnen und Sch\u00fcler unabh\u00e4ngig von ihren F\u00e4higkeiten, Beeintr\u00e4chtigungen oder Hintergr\u00fcnden gemeinsam am Unterricht teilnehmen k\u00f6nnen. <\/p>\n\n\n\n<p><\/p>\n\n\n\n<p>Unser Ziel ist es, eine offene und unterst\u00fctzende Lernumgebung zu schaffen, in der jeder die gleichen Chancen hat, sein Potenzial zu entfalten. Durch individuelle F\u00f6rderangebote, barrierefreie Zug\u00e4nge und eine inklusive Unterrichtsgestaltung m\u00f6chten wir Vielfalt wertsch\u00e4tzen und Barrieren abbauen.<\/p>\n\n\n\n<div style=\"height:40px\" aria-hidden=\"true\" class=\"wp-block-spacer\"><\/div>\n\n\n\n<p><strong><u>Inklusionssch\u00fcler:innen<\/u><\/strong>&nbsp;sind alle Kinder der Klasse 5a.<\/p>\n\n\n\n<p>Die Kinder sind vielf\u00e4ltig.<\/p>\n\n\n\n<p>Jedes Kind braucht, um gut lernen zu k\u00f6nnen, Unterst\u00fctzung.<\/p>\n\n\n\n<p>Manche brauchen besondere Unterst\u00fctzung. Sie sind also&nbsp;<strong><u>Kinder mit Unterst\u00fctzungsbedarf (KUB).<\/u><\/strong><\/p>\n\n\n\n<p><\/p>\n\n\n\n<p><\/p>\n\n\n\n<p>Hier geht es zu unserer <strong><a href=\"https:\/\/www.taskcards.de\/#\/board\/66e68dce-632a-447f-be0e-ba64bcf9052b\/view?token=d45af23d-393b-4309-946a-3f9efe9398cb\">Taskcard: Inklusion am BG<\/a><\/strong> mit umfangreichen Informationsmaterial<\/p>\n\n\n\n<figure class=\"wp-block-image size-large is-resized\"><a href=\"https:\/\/www.taskcards.de\/#\/board\/66e68dce-632a-447f-be0e-ba64bcf9052b\/view?token=d45af23d-393b-4309-946a-3f9efe9398cb\"><img loading=\"lazy\" decoding=\"async\" width=\"1024\" height=\"157\" src=\"https:\/\/www.berthold-gymnasium.de\/wp-content\/uploads\/2025\/07\/Screenshot-2025-07-25-171656-1024x157.png\" alt=\"\" class=\"wp-image-7820\" style=\"width:658px;height:auto\" srcset=\"https:\/\/www.berthold-gymnasium.de\/wp-content\/uploads\/2025\/07\/Screenshot-2025-07-25-171656-1024x157.png 1024w, https:\/\/www.berthold-gymnasium.de\/wp-content\/uploads\/2025\/07\/Screenshot-2025-07-25-171656-300x46.png 300w, https:\/\/www.berthold-gymnasium.de\/wp-content\/uploads\/2025\/07\/Screenshot-2025-07-25-171656-980x150.png 980w, https:\/\/www.berthold-gymnasium.de\/wp-content\/uploads\/2025\/07\/Screenshot-2025-07-25-171656-768x118.png 768w, https:\/\/www.berthold-gymnasium.de\/wp-content\/uploads\/2025\/07\/Screenshot-2025-07-25-171656.png 1045w\" sizes=\"auto, (max-width: 1024px) 100vw, 1024px\" \/><\/a><\/figure>\n\n\n\n<p><\/p>\n","protected":false},"excerpt":{"rendered":"<p>Unsere Inklusionsklasse startet zum Schuljahr 2025\/26<\/p>\n","protected":false},"author":6,"featured_media":7852,"comment_status":"closed","ping_status":"closed","sticky":false,"template":"","format":"standard","meta":{"_FSMCFIC_featured_image_caption":"","_FSMCFIC_featured_image_nocaption":"","_FSMCFIC_featured_image_hide":"","footnotes":""},"categories":[93,48],"tags":[],"class_list":["post-7817","post","type-post","status-publish","format-standard","has-post-thumbnail","hentry","category-inklusion","category-schulleben"],"publishpress_future_action":{"enabled":false,"date":"2026-05-06 12:23:49","action":"change-status","newStatus":"draft","terms":[],"taxonomy":"category","extraData":[]},"publishpress_future_workflow_manual_trigger":{"enabledWorkflows":[]},"_links":{"self":[{"href":"https:\/\/www.berthold-gymnasium.de\/index.php?rest_route=\/wp\/v2\/posts\/7817","targetHints":{"allow":["GET"]}}],"collection":[{"href":"https:\/\/www.berthold-gymnasium.de\/index.php?rest_route=\/wp\/v2\/posts"}],"about":[{"href":"https:\/\/www.berthold-gymnasium.de\/index.php?rest_route=\/wp\/v2\/types\/post"}],"author":[{"embeddable":true,"href":"https:\/\/www.berthold-gymnasium.de\/index.php?rest_route=\/wp\/v2\/users\/6"}],"replies":[{"embeddable":true,"href":"https:\/\/www.berthold-gymnasium.de\/index.php?rest_route=%2Fwp%2Fv2%2Fcomments&post=7817"}],"version-history":[{"count":4,"href":"https:\/\/www.berthold-gymnasium.de\/index.php?rest_route=\/wp\/v2\/posts\/7817\/revisions"}],"predecessor-version":[{"id":7869,"href":"https:\/\/www.berthold-gymnasium.de\/index.php?rest_route=\/wp\/v2\/posts\/7817\/revisions\/7869"}],"wp:featuredmedia":[{"embeddable":true,"href":"https:\/\/www.berthold-gymnasium.de\/index.php?rest_route=\/wp\/v2\/media\/7852"}],"wp:attachment":[{"href":"https:\/\/www.berthold-gymnasium.de\/index.php?rest_route=%2Fwp%2Fv2%2Fmedia&parent=7817"}],"wp:term":[{"taxonomy":"category","embeddable":true,"href":"https:\/\/www.berthold-gymnasium.de\/index.php?rest_route=%2Fwp%2Fv2%2Fcategories&post=7817"},{"taxonomy":"post_tag","embeddable":true,"href":"https:\/\/www.berthold-gymnasium.de\/index.php?rest_route=%2Fwp%2Fv2%2Ftags&post=7817"}],"curies":[{"name":"wp","href":"https:\/\/api.w.org\/{rel}","templated":true}]}}