{"id":7926,"date":"2025-07-31T14:02:58","date_gmt":"2025-07-31T12:02:58","guid":{"rendered":"https:\/\/www.berthold-gymnasium.de\/?p=7926"},"modified":"2025-07-31T14:16:00","modified_gmt":"2025-07-31T12:16:00","slug":"frankreichaustausch-des-berthold-gymnasiums-mit-dem-college-maurice-utrillo-in-limas-2025","status":"publish","type":"post","link":"https:\/\/www.berthold-gymnasium.de\/?p=7926","title":{"rendered":"Frankreichaustausch mit dem Coll\u00e8ge Maurice Utrillo in Limas 2025"},"content":{"rendered":"\n<p> Vom 2. bis 6. Juni 2025 hatten 19 Sch\u00fclerinnen und Sch\u00fcler des Berthold-Gymnasiums Freiburg die M\u00f6glichkeit, an einem unvergesslichen Frankreichaustausch teilzunehmen. <\/p>\n\n\n\n<!--more-->\n\n\n\n<div class=\"wp-block-media-text has-media-on-the-right is-stacked-on-mobile\" style=\"grid-template-columns:auto 39%\"><div class=\"wp-block-media-text__content\">\n<p>Gemeinsam fuhren wir mit dem Bus nach Limas, um dort f\u00fcnf Tage lang das franz\u00f6sische Alltagsleben kennenzulernen und unsere Sprachkenntnisse anzuwenden. Der Gegenbesuch unserer franz\u00f6sischen Austauschpartner ist f\u00fcr das Fr\u00fchjahr 2026 geplant \u2013 wir freuen uns schon jetzt auf das Wiedersehen!<\/p>\n\n\n\n<p><\/p>\n\n\n\n<p><\/p>\n\n\n\n<p><\/p>\n\n\n\n<div style=\"height:100px\" aria-hidden=\"true\" class=\"wp-block-spacer\"><\/div>\n\n\n\n<p>Wie unsere Sch\u00fclerinnen und Sch\u00fcler den Austausch erlebt haben, zeigen die folgenden Zitate:<\/p>\n<\/div><figure class=\"wp-block-media-text__media\"><img loading=\"lazy\" decoding=\"async\" width=\"525\" height=\"700\" src=\"https:\/\/www.berthold-gymnasium.de\/wp-content\/uploads\/2025\/07\/IMG_2845b.jpg\" alt=\"\" class=\"wp-image-7927 size-full\" srcset=\"https:\/\/www.berthold-gymnasium.de\/wp-content\/uploads\/2025\/07\/IMG_2845b.jpg 525w, https:\/\/www.berthold-gymnasium.de\/wp-content\/uploads\/2025\/07\/IMG_2845b-225x300.jpg 225w, https:\/\/www.berthold-gymnasium.de\/wp-content\/uploads\/2025\/07\/IMG_2845b-113x150.jpg 113w\" sizes=\"auto, (max-width: 525px) 100vw, 525px\" \/><\/figure><\/div>\n\n\n\n<div style=\"height:60px\" aria-hidden=\"true\" class=\"wp-block-spacer\"><\/div>\n\n\n\n<p>\u2022 Der Franz\u00f6sischaustausch war eine tolle Erfahrung \u2013 l\u2019\u00e9change \u00e9tait tr\u00e8s g\u00e9nial.<\/p>\n\n\n\n<p>\u2022 Es war interessant, einen Einblick in eine andere Familie und Kultur zu bekommen.<\/p>\n\n\n\n<p>\u2022 Meine Gastfamilie war sehr freundlich und wir konnten eine sch\u00f6ne gemeinsame Zeit verbringen. Ich habe in der Zeit in Frankreich auch eine tolle Beziehung zu meinem Austauschpartner aufgebaut und ich habe insgesamt einfach eine Erfahrung gemacht, die ich wahrscheinlich so nie weider machen werde.<\/p>\n\n\n\n<p>\u2022 Meine Austauschpartnerin hat sich sehr bem\u00fcht, mir die Zeit in Limas so sch\u00f6n wie m\u00f6glich zu machen.<\/p>\n\n\n\n<p>\u2022 Ich habe neue Kontakte gekn\u00fcpft sowie Freundschaften geschlossen. \u2022 Das Programm, das meine Partnerin sich f\u00fcr mich ausgedacht hat, hat mir sehr gut gefallen.<\/p>\n\n\n\n<p>\u2022 Mich hat \u00fcberrascht, dass die Schule dort viel strenger und generell so anders ist.<\/p>\n\n\n\n<p>\u2022 Insbesondere hat mich die Schule in Frankreich \u00fcberrascht: Nicht nur dass die Schulstunden jeweils ganze 55 Minuten dauern, sondern auch die Sicherheitsvorkehrungen, da das Coll\u00e8ge Utrillo von einem Zaun umschlossen ist.<\/p>\n\n\n\n<p>\u2022 Die Aktivit\u00e4ten waren sehr unterhaltsam und abwechslungsreich.<\/p>\n\n\n\n<p>\u2022 Am besten hat mir der Ausflug nach Lyon gefallen. Dabei hat mich die Sch\u00f6nheit der Altstadt und der Basilique Notre-Dame de Fourvi\u00e8re beeindruckt.<\/p>\n\n\n\n<p>\u2022 Nach der Schule oder den Ausfl\u00fcgen waren wir eigentlich immer drau\u00dfen und haben mit Freunden zusammen Fu\u00dfball gespielt.<\/p>\n\n\n\n<p>\u2022 J\u2019ai aim\u00e9 que nous ayons visit\u00e9 Lyon et que nous ayons d\u00e9couvert des sp\u00e9cialit\u00e9s.<\/p>\n\n\n\n<p>\u2022 Die Kommunikation war manchmal schwierig, aber generell waren die Menschen dort sehr geduldig.<\/p>\n\n\n\n<p>\u2022 W\u00e4hrend der Zeit in Frankreich haben wir nicht nur neue St\u00e4dte, neue Menschen und eine neue Schule kennengelernt, sondern sind, wie ich es empfinde, auch als Klasse \/ Gruppe zusammengewachsen.<\/p>\n\n\n\n<p>\u2022 Insgesamt war der Austausch eine wertvolle Erfahrung f\u00fcr mich. Ich habe nicht nur meine Sprachkenntnisse verbessert, sondern auch einen Einblick in das Leben in Frankreich bekommen. Ich w\u00fcrde ihn sofort noch einmal machen.<\/p>\n\n\n\n<p>\u2022 Mir hat der Austausch insgesamt gefallen, da ich viel \u00fcber das Leben in Frankreich mitbekommen habe, was man sonst, beispielsweise im Urlaub, gar nicht miterlebt.<\/p>\n\n\n\n<p>\u2022 Unvergesslich wird f\u00fcr mich auch der \u00e4u\u00dferst emotionale Abschied bleiben, bei dem beinahe alle Sch\u00fcler der Schule uns verabschiedet haben. Ich freue mich schon sehr auf n\u00e4chstes Jahr, wenn die franz\u00f6sischen Austauschpartner nach Freiburg kommen.<\/p>\n","protected":false},"excerpt":{"rendered":"<p>Vom 2. bis 6. Juni 2025 hatten 19 Sch\u00fclerinnen und Sch\u00fcler des Berthold-Gymnasiums Freiburg die M\u00f6glichkeit, an einem unvergesslichen Frankreichaustausch teilzunehmen.<\/p>\n","protected":false},"author":6,"featured_media":7928,"comment_status":"closed","ping_status":"closed","sticky":false,"template":"","format":"standard","meta":{"_FSMCFIC_featured_image_caption":"","_FSMCFIC_featured_image_nocaption":"","_FSMCFIC_featured_image_hide":"","footnotes":""},"categories":[29],"tags":[],"class_list":["post-7926","post","type-post","status-publish","format-standard","has-post-thumbnail","hentry","category-startseite"],"publishpress_future_action":{"enabled":false,"date":"2026-05-06 10:40:49","action":"change-status","newStatus":"draft","terms":[],"taxonomy":"category","extraData":[]},"publishpress_future_workflow_manual_trigger":{"enabledWorkflows":[]},"_links":{"self":[{"href":"https:\/\/www.berthold-gymnasium.de\/index.php?rest_route=\/wp\/v2\/posts\/7926","targetHints":{"allow":["GET"]}}],"collection":[{"href":"https:\/\/www.berthold-gymnasium.de\/index.php?rest_route=\/wp\/v2\/posts"}],"about":[{"href":"https:\/\/www.berthold-gymnasium.de\/index.php?rest_route=\/wp\/v2\/types\/post"}],"author":[{"embeddable":true,"href":"https:\/\/www.berthold-gymnasium.de\/index.php?rest_route=\/wp\/v2\/users\/6"}],"replies":[{"embeddable":true,"href":"https:\/\/www.berthold-gymnasium.de\/index.php?rest_route=%2Fwp%2Fv2%2Fcomments&post=7926"}],"version-history":[{"count":5,"href":"https:\/\/www.berthold-gymnasium.de\/index.php?rest_route=\/wp\/v2\/posts\/7926\/revisions"}],"predecessor-version":[{"id":7938,"href":"https:\/\/www.berthold-gymnasium.de\/index.php?rest_route=\/wp\/v2\/posts\/7926\/revisions\/7938"}],"wp:featuredmedia":[{"embeddable":true,"href":"https:\/\/www.berthold-gymnasium.de\/index.php?rest_route=\/wp\/v2\/media\/7928"}],"wp:attachment":[{"href":"https:\/\/www.berthold-gymnasium.de\/index.php?rest_route=%2Fwp%2Fv2%2Fmedia&parent=7926"}],"wp:term":[{"taxonomy":"category","embeddable":true,"href":"https:\/\/www.berthold-gymnasium.de\/index.php?rest_route=%2Fwp%2Fv2%2Fcategories&post=7926"},{"taxonomy":"post_tag","embeddable":true,"href":"https:\/\/www.berthold-gymnasium.de\/index.php?rest_route=%2Fwp%2Fv2%2Ftags&post=7926"}],"curies":[{"name":"wp","href":"https:\/\/api.w.org\/{rel}","templated":true}]}}