{"id":8082,"date":"2025-09-26T11:51:40","date_gmt":"2025-09-26T09:51:40","guid":{"rendered":"https:\/\/www.berthold-gymnasium.de\/?p=8082"},"modified":"2025-11-05T16:31:15","modified_gmt":"2025-11-05T15:31:15","slug":"inklusion-am-berthold-gymnasium-gestartet","status":"publish","type":"post","link":"https:\/\/www.berthold-gymnasium.de\/?p=8082","title":{"rendered":"Inklusion am Berthold-Gymnasium gestartet"},"content":{"rendered":"\n<p>Mit neuen R\u00e4umen und mit viel Engagement startet das Berthold-Gymnasium mit einer Inklusionsklasse in das Schuljahr 2025\/26.<\/p>\n\n\n\n<p><\/p>\n\n\n\n<p>Ein Team von Lehrkr\u00e4ften , Sonderp\u00e4dagoginnen, Schulbegleiterinnen und Mentoringteam unterst\u00fctzen den Schulalltag der Kinder.<\/p>\n\n\n\n<p><\/p>\n\n\n\n<p><\/p>\n\n\n\n<hr class=\"wp-block-separator has-alpha-channel-opacity\"\/>\n\n\n\n<p>Ein sehr sch\u00f6ner Film von Jonathan Holz\u00e4pfel &amp; Edvard Karadza (Filmschnitt \/ Kamera \/ Ton und Licht)- Regie Sabine Scholz- gibt einen ersten Einblick, was Inklusion am BG bedeutet.<\/p>\n\n\n\n<p><\/p>\n\n\n\n<p><\/p>\n\n\n\n<figure class=\"wp-block-video aligncenter\"><video height=\"480\" style=\"aspect-ratio: 852 \/ 480;\" width=\"852\" controls src=\"https:\/\/www.berthold-gymnasium.de\/wp-content\/uploads\/2025\/09\/inklusion_nov205.mp4\"><\/video><\/figure>\n\n\n\n<div style=\"height:100px\" aria-hidden=\"true\" class=\"wp-block-spacer\"><\/div>\n\n\n\n<p>Weitere Informationen finden Sie auf unserer <strong><a href=\"https:\/\/www.taskcards.de\/#\/board\/66e68dce-632a-447f-be0e-ba64bcf9052b\/view?token=d45af23d-393b-4309-946a-3f9efe9398cb\">taskcard Inklusion<\/a><\/strong><\/p>\n\n\n\n<ul class=\"wp-block-list\">\n<li>hier geht es zur <a href=\"https:\/\/www.berthold-gymnasium.de\/?p=7817\"><strong>Infoseite Inklusion<\/strong><\/a><\/li>\n\n\n\n<li>hier gehts zu unserem <strong><a href=\"https:\/\/www.berthold-gymnasium.de\/?p=7822\">Mentoringteam Inklusion<\/a><\/strong><\/li>\n<\/ul>\n\n\n\n<p><\/p>\n","protected":false},"excerpt":{"rendered":"<p>Mit neuen R\u00e4umen und mit viel Engagement startet das Berthold-Gymnasium mit einer Inklusionsklasse in das Schuljahr 2025\/26. Ein Team von Lehrkr\u00e4ften , Sonderp\u00e4dagoginnen, Schulbegleiterinnen und Mentoringteam unterst\u00fctzen den Schulalltag der Kinder. Ein sehr sch\u00f6ner Film von Jonathan Holz\u00e4pfel &amp; Edvard Karadza (Filmschnitt \/ Kamera \/ Ton und Licht)- Regie Sabine Scholz- gibt einen ersten Einblick, [&hellip;]<\/p>\n","protected":false},"author":6,"featured_media":8093,"comment_status":"closed","ping_status":"closed","sticky":false,"template":"","format":"standard","meta":{"_FSMCFIC_featured_image_caption":"","_FSMCFIC_featured_image_nocaption":"","_FSMCFIC_featured_image_hide":"","footnotes":""},"categories":[29,93],"tags":[],"class_list":["post-8082","post","type-post","status-publish","format-standard","has-post-thumbnail","hentry","category-startseite","category-inklusion"],"publishpress_future_action":{"enabled":false,"date":"2026-05-04 16:34:15","action":"change-status","newStatus":"draft","terms":[],"taxonomy":"category","extraData":[]},"publishpress_future_workflow_manual_trigger":{"enabledWorkflows":[]},"_links":{"self":[{"href":"https:\/\/www.berthold-gymnasium.de\/index.php?rest_route=\/wp\/v2\/posts\/8082","targetHints":{"allow":["GET"]}}],"collection":[{"href":"https:\/\/www.berthold-gymnasium.de\/index.php?rest_route=\/wp\/v2\/posts"}],"about":[{"href":"https:\/\/www.berthold-gymnasium.de\/index.php?rest_route=\/wp\/v2\/types\/post"}],"author":[{"embeddable":true,"href":"https:\/\/www.berthold-gymnasium.de\/index.php?rest_route=\/wp\/v2\/users\/6"}],"replies":[{"embeddable":true,"href":"https:\/\/www.berthold-gymnasium.de\/index.php?rest_route=%2Fwp%2Fv2%2Fcomments&post=8082"}],"version-history":[{"count":5,"href":"https:\/\/www.berthold-gymnasium.de\/index.php?rest_route=\/wp\/v2\/posts\/8082\/revisions"}],"predecessor-version":[{"id":8129,"href":"https:\/\/www.berthold-gymnasium.de\/index.php?rest_route=\/wp\/v2\/posts\/8082\/revisions\/8129"}],"wp:featuredmedia":[{"embeddable":true,"href":"https:\/\/www.berthold-gymnasium.de\/index.php?rest_route=\/wp\/v2\/media\/8093"}],"wp:attachment":[{"href":"https:\/\/www.berthold-gymnasium.de\/index.php?rest_route=%2Fwp%2Fv2%2Fmedia&parent=8082"}],"wp:term":[{"taxonomy":"category","embeddable":true,"href":"https:\/\/www.berthold-gymnasium.de\/index.php?rest_route=%2Fwp%2Fv2%2Fcategories&post=8082"},{"taxonomy":"post_tag","embeddable":true,"href":"https:\/\/www.berthold-gymnasium.de\/index.php?rest_route=%2Fwp%2Fv2%2Ftags&post=8082"}],"curies":[{"name":"wp","href":"https:\/\/api.w.org\/{rel}","templated":true}]}}