{"id":8104,"date":"2025-11-01T17:05:35","date_gmt":"2025-11-01T16:05:35","guid":{"rendered":"https:\/\/www.berthold-gymnasium.de\/?p=8104"},"modified":"2025-11-07T15:50:16","modified_gmt":"2025-11-07T14:50:16","slug":"religionslehre","status":"publish","type":"post","link":"https:\/\/www.berthold-gymnasium.de\/?p=8104","title":{"rendered":"Religionslehre"},"content":{"rendered":"\n<p><\/p>\n\n\n\n<!--more-->\n\n\n\n<p>Im <strong>Fach Religionslehre<\/strong> werden die Sch\u00fcler:innen dazu bef\u00e4higt, sich aus einer (j\u00fcdisch-) christlichen Perspektive mit religi\u00f6sen und ethischen Fragestellungen auseinanderzusetzen. Ziel ist es, dass die Sch\u00fcler:innen einen begr\u00fcndeten eigenen Standpunkt entwickeln und in den Dialog mit anderen Positionen treten k\u00f6nnen.<\/p>\n\n\n\n<p>Dazu braucht es Grundkenntnisse \u00fcber die christliche Religion, ihre Inhalte und ihre Bedeutung in Geschichte in Gegenwart, die Diskussion \u00fcber ethische Fragestellungen unserer Zeit, die Frage nach der Bedeutung des Individuums und der Gesellschaft sowie die Auseinandersetzung mit anderen Religionen und Weltdeutungen.<\/p>\n\n\n\n<p><\/p>\n\n\n<div class=\"wp-block-image\">\n<figure class=\"aligncenter size-full\"><img loading=\"lazy\" decoding=\"async\" width=\"556\" height=\"600\" src=\"https:\/\/www.berthold-gymnasium.de\/wp-content\/uploads\/2025\/11\/608-1.jpg\" alt=\"\" class=\"wp-image-8109\" srcset=\"https:\/\/www.berthold-gymnasium.de\/wp-content\/uploads\/2025\/11\/608-1.jpg 556w, https:\/\/www.berthold-gymnasium.de\/wp-content\/uploads\/2025\/11\/608-1-278x300.jpg 278w, https:\/\/www.berthold-gymnasium.de\/wp-content\/uploads\/2025\/11\/608-1-139x150.jpg 139w\" sizes=\"auto, (max-width: 556px) 100vw, 556px\" \/><figcaption class=\"wp-element-caption\"><sub>Quelle: https:\/\/www.johannmayr.de\/heim\/608.html<\/sub><\/figcaption><\/figure>\n<\/div>\n\n\n<div style=\"height:56px\" aria-hidden=\"true\" class=\"wp-block-spacer\"><\/div>\n\n\n\n<p><strong>Was bedeutet konfessionell-kooperativ? (\u201eko-ko\u201c)<\/strong><\/p>\n\n\n\n<p>\u201eKoko\u201c \u2013 hinter dieser Abk\u00fcrzung verbirgt sich der konfessionell-kooperative Religionsunterricht, in dem am BG von Klasse 5 bis 10 sowohl evangelische als auch katholische Sch\u00fcler:innen gemeinsam unterrichtet werden.<\/p>\n\n\n\n<p>Diese Form des Religionsunterrichts m\u00f6chte in \u00f6kumenischer Verbundenheit die Gemeinsamkeiten zwischen den Konfessionen betonen und zugleich Raum f\u00fcr die jeweiligen unterschiedlichen Sichtweisen bieten. Dazu geh\u00f6rt unter anderem, dass es (wenn schulorganisatorisch m\u00f6glich) j\u00e4hrlich einen Wechsel zwischen Lehrkr\u00e4ften beider Konfessionen gibt.<\/p>\n\n\n\n<div style=\"height:52px\" aria-hidden=\"true\" class=\"wp-block-spacer\"><\/div>\n\n\n\n<p>Weitere Informationen dazu finden sich hier<\/p>\n\n\n\n<p><a href=\"https:\/\/www.kirche-und-religionsunterricht.de\/website\/de\/kuru\/schulleitungen\/koko\">https:\/\/www.kirche-und-religionsunterricht.de\/website\/de\/kuru\/schulleitungen\/koko<\/a><\/p>\n\n\n\n<p>oder hier<\/p>\n\n\n\n<p><a href=\"https:\/\/www.ebfr.de\/erzdioezese-freiburg\/erzbischoefliches-ordinariat\/hauptabteilung-3-bildung\/konfessionelle-kooperation\">https:\/\/www.ebfr.de\/erzdioezese-freiburg\/erzbischoefliches-ordinariat\/hauptabteilung-3-bildung\/konfessionelle-kooperation<\/a><\/p>\n\n\n\n<div style=\"height:39px\" aria-hidden=\"true\" class=\"wp-block-spacer\"><\/div>\n\n\n\n<p><strong>Das Fach Religionslehre in der Oberstufe:<\/strong><\/p>\n\n\n\n<p>Die Jahrgangsstufen 11 und 12 (12 und 13) werden konfessionell getrennt als Fach katholische bzw. evangelische Religionslehre unterrichtet. Es ist m\u00f6glich, katholische bzw. evangelische Religionslehre als Abiturfach zu w\u00e4hlen.<\/p>\n\n\n\n<div style=\"height:53px\" aria-hidden=\"true\" class=\"wp-block-spacer\"><\/div>\n\n\n\n<p><strong>Besondere Angebote der Fachschaft:<\/strong><\/p>\n\n\n\n<ul class=\"wp-block-list\">\n<li>\u00f6kumenische Gottesdienste f\u00fcr die ganze Schulgemeinschaft zu Weihnachten und zum Schuljahresende<\/li>\n\n\n\n<li>Adventsimpulse<\/li>\n\n\n\n<li>Exkursionen im Rahmen des Fachunterrichts (z.B. in das Freiburger M\u00fcnster, das Augustinermuseum, die Freiburger Synagoge)<\/li>\n<\/ul>\n","protected":false},"excerpt":{"rendered":"<p>Kann es heute noch plausibel sein, an Gott zu glauben? Ist Wirklichkeit mehr als das, was man messen und beweisen kann? Welche Anregungen bietet die christliche Religion, das eigene Leben, die Welt und die Zukunft gut und vern\u00fcnftig zu gestalten? Was ist Religion \u00fcberhaupt? Wie leben und was glauben Menschen anderer Religionen? Diesen und vielen anderen Sinn-Fragen stellt sich das Fach Religionslehre.<\/p>\n","protected":false},"author":6,"featured_media":8105,"comment_status":"closed","ping_status":"closed","sticky":false,"template":"","format":"standard","meta":{"_FSMCFIC_featured_image_caption":"","_FSMCFIC_featured_image_nocaption":"","_FSMCFIC_featured_image_hide":"","footnotes":""},"categories":[32],"tags":[],"class_list":["post-8104","post","type-post","status-publish","format-standard","has-post-thumbnail","hentry","category-fach"],"publishpress_future_action":{"enabled":false,"date":"2026-05-06 10:44:02","action":"change-status","newStatus":"draft","terms":[],"taxonomy":"category","extraData":[]},"publishpress_future_workflow_manual_trigger":{"enabledWorkflows":[]},"_links":{"self":[{"href":"https:\/\/www.berthold-gymnasium.de\/index.php?rest_route=\/wp\/v2\/posts\/8104","targetHints":{"allow":["GET"]}}],"collection":[{"href":"https:\/\/www.berthold-gymnasium.de\/index.php?rest_route=\/wp\/v2\/posts"}],"about":[{"href":"https:\/\/www.berthold-gymnasium.de\/index.php?rest_route=\/wp\/v2\/types\/post"}],"author":[{"embeddable":true,"href":"https:\/\/www.berthold-gymnasium.de\/index.php?rest_route=\/wp\/v2\/users\/6"}],"replies":[{"embeddable":true,"href":"https:\/\/www.berthold-gymnasium.de\/index.php?rest_route=%2Fwp%2Fv2%2Fcomments&post=8104"}],"version-history":[{"count":5,"href":"https:\/\/www.berthold-gymnasium.de\/index.php?rest_route=\/wp\/v2\/posts\/8104\/revisions"}],"predecessor-version":[{"id":8130,"href":"https:\/\/www.berthold-gymnasium.de\/index.php?rest_route=\/wp\/v2\/posts\/8104\/revisions\/8130"}],"wp:featuredmedia":[{"embeddable":true,"href":"https:\/\/www.berthold-gymnasium.de\/index.php?rest_route=\/wp\/v2\/media\/8105"}],"wp:attachment":[{"href":"https:\/\/www.berthold-gymnasium.de\/index.php?rest_route=%2Fwp%2Fv2%2Fmedia&parent=8104"}],"wp:term":[{"taxonomy":"category","embeddable":true,"href":"https:\/\/www.berthold-gymnasium.de\/index.php?rest_route=%2Fwp%2Fv2%2Fcategories&post=8104"},{"taxonomy":"post_tag","embeddable":true,"href":"https:\/\/www.berthold-gymnasium.de\/index.php?rest_route=%2Fwp%2Fv2%2Ftags&post=8104"}],"curies":[{"name":"wp","href":"https:\/\/api.w.org\/{rel}","templated":true}]}}